{"id":21485,"date":"2026-04-30T21:26:49","date_gmt":"2026-04-30T21:26:49","guid":{"rendered":"https:\/\/mifavorita.com.pa\/2017\/?p=21485"},"modified":"2026-04-30T21:36:39","modified_gmt":"2026-04-30T21:36:39","slug":"autoridades-actualizan-panorama-de-obras-publicas-para-el-distrito-de-penonome","status":"publish","type":"post","link":"https:\/\/mifavorita.com.pa\/2017\/autoridades-actualizan-panorama-de-obras-publicas-para-el-distrito-de-penonome\/","title":{"rendered":"AUTORIDADES ACTUALIZAN PANORAMA DE OBRAS P\u00daBLICAS PARA EL DISTRITO DE PENONOM\u00c9"},"content":{"rendered":"\n<p><\/p>\n\n\n\n<figure class=\"wp-block-image size-large\"><img fetchpriority=\"high\" decoding=\"async\" width=\"1024\" height=\"559\" src=\"https:\/\/mifavorita.com.pa\/2017\/wp-content\/uploads\/2026\/04\/WhatsApp-Image-2026-04-30-at-4.24.00-PM-1024x559.jpeg\" alt=\"\" class=\"wp-image-21490\" srcset=\"https:\/\/mifavorita.com.pa\/2017\/wp-content\/uploads\/2026\/04\/WhatsApp-Image-2026-04-30-at-4.24.00-PM-1024x559.jpeg 1024w, https:\/\/mifavorita.com.pa\/2017\/wp-content\/uploads\/2026\/04\/WhatsApp-Image-2026-04-30-at-4.24.00-PM-300x164.jpeg 300w, https:\/\/mifavorita.com.pa\/2017\/wp-content\/uploads\/2026\/04\/WhatsApp-Image-2026-04-30-at-4.24.00-PM-768x419.jpeg 768w, https:\/\/mifavorita.com.pa\/2017\/wp-content\/uploads\/2026\/04\/WhatsApp-Image-2026-04-30-at-4.24.00-PM-700x382.jpeg 700w, https:\/\/mifavorita.com.pa\/2017\/wp-content\/uploads\/2026\/04\/WhatsApp-Image-2026-04-30-at-4.24.00-PM-500x273.jpeg 500w, https:\/\/mifavorita.com.pa\/2017\/wp-content\/uploads\/2026\/04\/WhatsApp-Image-2026-04-30-at-4.24.00-PM.jpeg 1056w\" sizes=\"(max-width: 1024px) 100vw, 1024px\" \/><\/figure>\n\n\n\n<p>Durante una sesi\u00f3n de la Comisi\u00f3n de Presupuesto de la Asamblea Nacional de Panam\u00e1, se dio a conocer el estado de varios proyectos de infraestructura para el distrito de Penonom\u00e9, en una jornada de consultas al ministro de Obras P\u00fablicas, Jos\u00e9 Luis Andrade, realizadas por el diputado del circuito de Penonom\u00e9, Julio de la Guardia.<\/p>\n\n\n\n<figure class=\"wp-block-gallery has-nested-images columns-default is-cropped wp-block-gallery-1 is-layout-flex wp-block-gallery-is-layout-flex\">\n<figure class=\"wp-block-image size-large\"><img decoding=\"async\" width=\"1024\" height=\"559\" data-id=\"21491\" src=\"https:\/\/mifavorita.com.pa\/2017\/wp-content\/uploads\/2026\/04\/WhatsApp-Image-2026-04-30-at-4.23.59-PM-1024x559.jpeg\" alt=\"\" class=\"wp-image-21491\" srcset=\"https:\/\/mifavorita.com.pa\/2017\/wp-content\/uploads\/2026\/04\/WhatsApp-Image-2026-04-30-at-4.23.59-PM-1024x559.jpeg 1024w, https:\/\/mifavorita.com.pa\/2017\/wp-content\/uploads\/2026\/04\/WhatsApp-Image-2026-04-30-at-4.23.59-PM-300x164.jpeg 300w, https:\/\/mifavorita.com.pa\/2017\/wp-content\/uploads\/2026\/04\/WhatsApp-Image-2026-04-30-at-4.23.59-PM-768x419.jpeg 768w, https:\/\/mifavorita.com.pa\/2017\/wp-content\/uploads\/2026\/04\/WhatsApp-Image-2026-04-30-at-4.23.59-PM-700x382.jpeg 700w, https:\/\/mifavorita.com.pa\/2017\/wp-content\/uploads\/2026\/04\/WhatsApp-Image-2026-04-30-at-4.23.59-PM-500x273.jpeg 500w, https:\/\/mifavorita.com.pa\/2017\/wp-content\/uploads\/2026\/04\/WhatsApp-Image-2026-04-30-at-4.23.59-PM.jpeg 1056w\" sizes=\"(max-width: 1024px) 100vw, 1024px\" \/><\/figure>\n<\/figure>\n\n\n\n<p>Entre los temas abordados, el ministro inform\u00f3 que el proyecto de circunvalaci\u00f3n de Penonom\u00e9, que comprende aproximadamente 66 kil\u00f3metros, ser\u00e1 publicado la pr\u00f3xima semana en el portal de Panam\u00e1 Compra para su proceso de licitaci\u00f3n.<\/p>\n\n\n\n<p>En cuanto al proyecto El Jag\u00fcito\u2013Toabr\u00e9 Centro, se explic\u00f3 que la obra se encuentra a la espera de la aprobaci\u00f3n de la corrida financiera, debido a que se trata de un contrato bajo la modalidad \u201cllave en mano\u201d. Posteriormente, deber\u00e1 pasar a la Contralor\u00eda General de la Rep\u00fablica para su refrendo.<\/p>\n\n\n\n<p>Sobre la carretera El Bajito de San Miguel hacia El Valle de San Miguel, incluyendo el puente que conecta con la comunidad de Santa Ana, Andrade indic\u00f3 que el proyecto a\u00fan no cuenta con el Sistema Nacional de Inversi\u00f3n P\u00fablica (SINIP), requisito indispensable para asignarle partida presupuestaria y proceder con su licitaci\u00f3n.<\/p>\n\n\n\n<p>Tambi\u00e9n se plante\u00f3 la necesidad de construir un puente peatonal entre el centro comercial Boulevard y Villa Karola, as\u00ed como la inclusi\u00f3n en el presupuesto 2027 de varios pasos peatonales adicionales, iniciativas que podr\u00edan ser consideradas dentro de la planificaci\u00f3n futura.<\/p>\n\n\n\n<p>Asimismo, se expuso la importancia de contemplar para el a\u00f1o 2027 la construcci\u00f3n de la carretera Boca de Tucu\u00e9\u2013San Isidro, de aproximadamente 18 kil\u00f3metros, destacando que actualmente se trata de caminos en condiciones precarias que afectan a comunidades necesitadas.<\/p>\n\n\n\n<p>Durante la sesi\u00f3n, tambi\u00e9n se reconocieron avances en otros puntos, como la atenci\u00f3n brindada a la v\u00eda en el sector de Pajonal tras un deslizamiento de tierra.<\/p>\n\n\n\n<p>Finalmente, al referirse al puente del Murcielaguero, el ministro se\u00f1al\u00f3 que la estructura ya fue construida, pero a\u00fan se trabaja en el cierre administrativo del contrato correspondiente.<\/p>\n\n\n\n<p>Las consultas y respuestas dadas en la comisi\u00f3n dejan entrever que, pese a los retrasos y tr\u00e1mites pendientes, existe una expectativa creciente en las comunidades de Penonom\u00e9 por la ejecuci\u00f3n de estas obras. Para muchos residentes, estos proyectos representan no solo mejores v\u00edas de acceso, sino una oportunidad de desarrollo, seguridad y calidad de vida, manteniendo viva la esperanza de que, finalmente, estas necesidades hist\u00f3ricas sean atendidas.<\/p>\n","protected":false},"excerpt":{"rendered":"<p>Durante una sesi\u00f3n de la Comisi\u00f3n de Presupuesto de la Asamblea Nacional de Panam\u00e1, se dio a conocer el estado de varios proyectos de infraestructura para el distrito de Penonom\u00e9, en una jornada de consultas al ministro de Obras P\u00fablicas, Jos\u00e9 Luis Andrade, realizadas por el diputado del circuito de Penonom\u00e9, Julio de la Guardia. [&hellip;]<\/p>\n","protected":false},"author":7,"featured_media":21490,"comment_status":"open","ping_status":"open","sticky":false,"template":"","format":"standard","meta":{"footnotes":""},"categories":[17,1],"tags":[],"class_list":["post-21485","post","type-post","status-publish","format-standard","has-post-thumbnail","hentry","category-comunitaria","category-noticias"],"_links":{"self":[{"href":"https:\/\/mifavorita.com.pa\/2017\/wp-json\/wp\/v2\/posts\/21485","targetHints":{"allow":["GET"]}}],"collection":[{"href":"https:\/\/mifavorita.com.pa\/2017\/wp-json\/wp\/v2\/posts"}],"about":[{"href":"https:\/\/mifavorita.com.pa\/2017\/wp-json\/wp\/v2\/types\/post"}],"author":[{"embeddable":true,"href":"https:\/\/mifavorita.com.pa\/2017\/wp-json\/wp\/v2\/users\/7"}],"replies":[{"embeddable":true,"href":"https:\/\/mifavorita.com.pa\/2017\/wp-json\/wp\/v2\/comments?post=21485"}],"version-history":[{"count":1,"href":"https:\/\/mifavorita.com.pa\/2017\/wp-json\/wp\/v2\/posts\/21485\/revisions"}],"predecessor-version":[{"id":21492,"href":"https:\/\/mifavorita.com.pa\/2017\/wp-json\/wp\/v2\/posts\/21485\/revisions\/21492"}],"wp:featuredmedia":[{"embeddable":true,"href":"https:\/\/mifavorita.com.pa\/2017\/wp-json\/wp\/v2\/media\/21490"}],"wp:attachment":[{"href":"https:\/\/mifavorita.com.pa\/2017\/wp-json\/wp\/v2\/media?parent=21485"}],"wp:term":[{"taxonomy":"category","embeddable":true,"href":"https:\/\/mifavorita.com.pa\/2017\/wp-json\/wp\/v2\/categories?post=21485"},{"taxonomy":"post_tag","embeddable":true,"href":"https:\/\/mifavorita.com.pa\/2017\/wp-json\/wp\/v2\/tags?post=21485"}],"curies":[{"name":"wp","href":"https:\/\/api.w.org\/{rel}","templated":true}]}}