{"id":21489,"date":"2026-04-30T21:27:11","date_gmt":"2026-04-30T21:27:11","guid":{"rendered":"https:\/\/mifavorita.com.pa\/2017\/?p=21489"},"modified":"2026-04-30T21:30:22","modified_gmt":"2026-04-30T21:30:22","slug":"declaran-culpable-a-hombre-que-asesino-a-su-mujer-en-los-molejones-de-la-pintada","status":"publish","type":"post","link":"https:\/\/mifavorita.com.pa\/2017\/declaran-culpable-a-hombre-que-asesino-a-su-mujer-en-los-molejones-de-la-pintada\/","title":{"rendered":"DECLARAN CULPABLE A HOMBRE QUE ASESIN\u00d3 A SU MUJER EN LOS MOLEJONES DE LA PINTADA."},"content":{"rendered":"\n<p>Culpable del delito de femicidio doloso agravado fue declarado Federico Oliveros Gonz\u00e1lez de 34 a\u00f1os de edad, durante un juicio oral realizado en el Sistema Penal Acusatorio de la provincia de Cocl\u00e9 en que se estableci\u00f3 el pr\u00f3ximo 13 de mayo para la lectura de la sentencia del tribunal de juicio.<\/p>\n\n\n\n<p>La condena guarda relaci\u00f3n con un hecho ocurrido el 7 de noviembre de 2023 en la apartada comunidad de Los Molejones, cuando una joven madre de 26 a\u00f1os de edad fue golpeada y asfixiada por su pareja hasta acabar con su vida, dejando en la orfandad a dos menores de edad.<\/p>\n\n\n\n<p>Al momento del crimen el victimario hizo creer a los familiares que la mujer se hab\u00eda quitado la vida colg\u00e1ndose en la residencia, pero tras el levantamiento del cuerpo las experticias forenses determinaron que la mujer hab\u00eda sido golpeada y muri\u00f3 por asfixia mec\u00e1nica, por lo que se iniciaron las investigaciones teniendo como principal sospechoso a su pareja Oliveros Gonz\u00e1lez.<\/p>\n\n\n\n<p>En la fase de individualizaci\u00f3n de la pena, el Ministerio P\u00fablico &nbsp;y la parte querellante solicitaron la imposici\u00f3n de 25 a\u00f1os de prisi\u00f3n, sustentando su petici\u00f3n en la violencia con la que se perpetraron los hechos, as\u00ed como en el impacto causado al dejar a dos menores de edad en condici\u00f3n de orfandad.&nbsp;<\/p>\n\n\n\n<p>Por su parte, la defensa t\u00e9cnica del acusado solicit\u00f3 una pena de 16 a\u00f1os de prisi\u00f3n, alegando la concurrencia de circunstancias atenuantes, como la confesi\u00f3n y el arrepentimiento del acusado.&nbsp;<\/p>\n\n\n\n<p>En este acto de audiencia, el Ministerio P\u00fablico estuvo representado por el fiscal de la Secci\u00f3n de Homicidio y Femicidio de la provincia de Cocl\u00e9, Jorge Vega Bogantes; mientras que la defensa del sentenciado estuvo a cargo del abogado particular David Mendoza. La representaci\u00f3n de las v\u00edctimas fue ejercida por la licenciada Caroline Lombardo, abogada del Departamento de Asesor\u00eda Legal Gratuita para las V\u00edctimas del Delito, en calidad de querellante.&nbsp;<\/p>\n","protected":false},"excerpt":{"rendered":"<p>Culpable del delito de femicidio doloso agravado fue declarado Federico Oliveros Gonz\u00e1lez de 34 a\u00f1os de edad, durante un juicio oral realizado en el Sistema Penal Acusatorio de la provincia de Cocl\u00e9 en que se estableci\u00f3 el pr\u00f3ximo 13 de mayo para la lectura de la sentencia del tribunal de juicio. La condena guarda relaci\u00f3n [&hellip;]<\/p>\n","protected":false},"author":5,"featured_media":21493,"comment_status":"open","ping_status":"open","sticky":false,"template":"","format":"standard","meta":{"footnotes":""},"categories":[1],"tags":[],"class_list":["post-21489","post","type-post","status-publish","format-standard","has-post-thumbnail","hentry","category-noticias"],"_links":{"self":[{"href":"https:\/\/mifavorita.com.pa\/2017\/wp-json\/wp\/v2\/posts\/21489","targetHints":{"allow":["GET"]}}],"collection":[{"href":"https:\/\/mifavorita.com.pa\/2017\/wp-json\/wp\/v2\/posts"}],"about":[{"href":"https:\/\/mifavorita.com.pa\/2017\/wp-json\/wp\/v2\/types\/post"}],"author":[{"embeddable":true,"href":"https:\/\/mifavorita.com.pa\/2017\/wp-json\/wp\/v2\/users\/5"}],"replies":[{"embeddable":true,"href":"https:\/\/mifavorita.com.pa\/2017\/wp-json\/wp\/v2\/comments?post=21489"}],"version-history":[{"count":1,"href":"https:\/\/mifavorita.com.pa\/2017\/wp-json\/wp\/v2\/posts\/21489\/revisions"}],"predecessor-version":[{"id":21494,"href":"https:\/\/mifavorita.com.pa\/2017\/wp-json\/wp\/v2\/posts\/21489\/revisions\/21494"}],"wp:featuredmedia":[{"embeddable":true,"href":"https:\/\/mifavorita.com.pa\/2017\/wp-json\/wp\/v2\/media\/21493"}],"wp:attachment":[{"href":"https:\/\/mifavorita.com.pa\/2017\/wp-json\/wp\/v2\/media?parent=21489"}],"wp:term":[{"taxonomy":"category","embeddable":true,"href":"https:\/\/mifavorita.com.pa\/2017\/wp-json\/wp\/v2\/categories?post=21489"},{"taxonomy":"post_tag","embeddable":true,"href":"https:\/\/mifavorita.com.pa\/2017\/wp-json\/wp\/v2\/tags?post=21489"}],"curies":[{"name":"wp","href":"https:\/\/api.w.org\/{rel}","templated":true}]}}