{"id":21497,"date":"2026-04-30T21:35:31","date_gmt":"2026-04-30T21:35:31","guid":{"rendered":"https:\/\/mifavorita.com.pa\/2017\/?p=21497"},"modified":"2026-04-30T21:39:12","modified_gmt":"2026-04-30T21:39:12","slug":"proyecto-vial-para-conectar-con-la-policlinica-y-la-ciudad-judicial-avanza-entre-ajustes-de-ruta-y-tramites-legales","status":"publish","type":"post","link":"https:\/\/mifavorita.com.pa\/2017\/proyecto-vial-para-conectar-con-la-policlinica-y-la-ciudad-judicial-avanza-entre-ajustes-de-ruta-y-tramites-legales\/","title":{"rendered":"PROYECTO VIAL PARA CONECTAR CON LA POLICLINICA Y LA CIUDAD JUDICIAL AVANZA ENTRE AJUSTES DE RUTA Y TR\u00c1MITES LEGALES."},"content":{"rendered":"\n<h3 class=\"wp-block-heading\"><\/h3>\n\n\n\n<figure class=\"wp-block-image size-large\"><img fetchpriority=\"high\" decoding=\"async\" width=\"1024\" height=\"806\" src=\"https:\/\/mifavorita.com.pa\/2017\/wp-content\/uploads\/2026\/04\/WhatsApp-Image-2026-04-30-at-4.33.31-PM-1024x806.jpeg\" alt=\"\" class=\"wp-image-21498\" srcset=\"https:\/\/mifavorita.com.pa\/2017\/wp-content\/uploads\/2026\/04\/WhatsApp-Image-2026-04-30-at-4.33.31-PM-1024x806.jpeg 1024w, https:\/\/mifavorita.com.pa\/2017\/wp-content\/uploads\/2026\/04\/WhatsApp-Image-2026-04-30-at-4.33.31-PM-300x236.jpeg 300w, https:\/\/mifavorita.com.pa\/2017\/wp-content\/uploads\/2026\/04\/WhatsApp-Image-2026-04-30-at-4.33.31-PM-768x605.jpeg 768w, https:\/\/mifavorita.com.pa\/2017\/wp-content\/uploads\/2026\/04\/WhatsApp-Image-2026-04-30-at-4.33.31-PM-700x551.jpeg 700w, https:\/\/mifavorita.com.pa\/2017\/wp-content\/uploads\/2026\/04\/WhatsApp-Image-2026-04-30-at-4.33.31-PM-500x394.jpeg 500w, https:\/\/mifavorita.com.pa\/2017\/wp-content\/uploads\/2026\/04\/WhatsApp-Image-2026-04-30-at-4.33.31-PM.jpeg 1280w\" sizes=\"(max-width: 1024px) 100vw, 1024px\" \/><\/figure>\n\n\n\n<p>Un proyecto vial clave para mejorar la conectividad entre la calle del aeropuerto, la policl\u00ednica de la Caja de Seguro Social, la ciudad judicial y el complejo deportivo contin\u00faa avanzando, aunque enfrenta retrasos debido a cambios en su trazado y procesos legales sobre los terrenos.<\/p>\n\n\n\n<p>El secretario general de la Gobernaci\u00f3n, Martin Castrej\u00f3n, explic\u00f3 que la ruta original tuvo que ser modificada tras la planificaci\u00f3n de una estaci\u00f3n del ferrocarril en el \u00e1rea, lo que oblig\u00f3 a buscar una nueva alternativa.<\/p>\n\n\n\n<p>La opci\u00f3n actual ubica la v\u00eda entre la Caja de Seguro Social y el \u00d3rgano Judicial, donde se desarrollan trabajos t\u00e9cnicos y legales para hacer viable el proyecto.<\/p>\n\n\n\n<p>Castrej\u00f3n detall\u00f3 que uno de los principales retos ha sido la necesidad de regularizar terrenos, ya que parte del \u00e1rea corresponde a tierras nacionales. Esto ha implicado procesos de segregaci\u00f3n de fincas y acuerdos con propietarios colindantes.<\/p>\n\n\n\n<p>Actualmente, se trabaja en la constituci\u00f3n de una servidumbre de uso p\u00fablico de 25 metros, incluyendo la donaci\u00f3n de una franja de terreno necesaria para cumplir con el pol\u00edgono establecido.<\/p>\n\n\n\n<p>El proyecto, que ahora tendr\u00e1 una extensi\u00f3n aproximada de un kil\u00f3metro, ya cuenta con parte del financiamiento, pero su ejecuci\u00f3n depender\u00e1 de la culminaci\u00f3n de los tr\u00e1mites legales en curso.<\/p>\n\n\n\n<p>Aunque no hay una fecha exacta de inicio, se estima que podr\u00eda concretarse entre finales de este a\u00f1o e inicios del pr\u00f3ximo, si no surgen nuevos contratiempos.<\/p>\n\n\n\n<p>Esta obra busca reducir los tiempos de traslado y descongestionar una zona donde convergen importantes instituciones y servicios, beneficiando a cientos de usuarios que se movilizan diariamente.<\/p>\n\n\n\n<p>El proyecto contemplar\u00eda adem\u00e1s la construcci\u00f3n de un caj\u00f3n pluvial, debido a una quebrada que ser\u00e1 necesario cruzar.<\/p>\n\n\n\n<p><\/p>\n","protected":false},"excerpt":{"rendered":"<p>Un proyecto vial clave para mejorar la conectividad entre la calle del aeropuerto, la policl\u00ednica de la Caja de Seguro Social, la ciudad judicial y el complejo deportivo contin\u00faa avanzando, aunque enfrenta retrasos debido a cambios en su trazado y procesos legales sobre los terrenos. El secretario general de la Gobernaci\u00f3n, Martin Castrej\u00f3n, explic\u00f3 que [&hellip;]<\/p>\n","protected":false},"author":7,"featured_media":21498,"comment_status":"open","ping_status":"open","sticky":false,"template":"","format":"standard","meta":{"footnotes":""},"categories":[17,1],"tags":[],"class_list":["post-21497","post","type-post","status-publish","format-standard","has-post-thumbnail","hentry","category-comunitaria","category-noticias"],"_links":{"self":[{"href":"https:\/\/mifavorita.com.pa\/2017\/wp-json\/wp\/v2\/posts\/21497","targetHints":{"allow":["GET"]}}],"collection":[{"href":"https:\/\/mifavorita.com.pa\/2017\/wp-json\/wp\/v2\/posts"}],"about":[{"href":"https:\/\/mifavorita.com.pa\/2017\/wp-json\/wp\/v2\/types\/post"}],"author":[{"embeddable":true,"href":"https:\/\/mifavorita.com.pa\/2017\/wp-json\/wp\/v2\/users\/7"}],"replies":[{"embeddable":true,"href":"https:\/\/mifavorita.com.pa\/2017\/wp-json\/wp\/v2\/comments?post=21497"}],"version-history":[{"count":1,"href":"https:\/\/mifavorita.com.pa\/2017\/wp-json\/wp\/v2\/posts\/21497\/revisions"}],"predecessor-version":[{"id":21499,"href":"https:\/\/mifavorita.com.pa\/2017\/wp-json\/wp\/v2\/posts\/21497\/revisions\/21499"}],"wp:featuredmedia":[{"embeddable":true,"href":"https:\/\/mifavorita.com.pa\/2017\/wp-json\/wp\/v2\/media\/21498"}],"wp:attachment":[{"href":"https:\/\/mifavorita.com.pa\/2017\/wp-json\/wp\/v2\/media?parent=21497"}],"wp:term":[{"taxonomy":"category","embeddable":true,"href":"https:\/\/mifavorita.com.pa\/2017\/wp-json\/wp\/v2\/categories?post=21497"},{"taxonomy":"post_tag","embeddable":true,"href":"https:\/\/mifavorita.com.pa\/2017\/wp-json\/wp\/v2\/tags?post=21497"}],"curies":[{"name":"wp","href":"https:\/\/api.w.org\/{rel}","templated":true}]}}