{"id":2330,"date":"2019-02-02T17:16:12","date_gmt":"2019-02-02T17:16:12","guid":{"rendered":"http:\/\/mifavorita.com.pa\/2017\/?p=2330"},"modified":"2019-02-02T17:16:12","modified_gmt":"2019-02-02T17:16:12","slug":"mida-inicia-programa-de-contingencia-por-sequia","status":"publish","type":"post","link":"https:\/\/mifavorita.com.pa\/2017\/mida-inicia-programa-de-contingencia-por-sequia\/","title":{"rendered":"MIDA inicia programa de contingencia por sequ\u00eda"},"content":{"rendered":"<p class=\"MsoNormal\" style=\"color:rgb(0,0,0); font-style:normal; font-variant-ligatures:normal; font-variant-caps:normal; font-weight:400; letter-spacing:normal; orphans:2; text-indent:0px; text-transform:none; white-space:normal; widows:2; word-spacing:0px; -webkit-text-stroke-width:0px; text-decoration-style:initial; text-decoration-color:initialmargin:0cm0cm8pt; line-height:16.7919px; font-size:11pt; font-family:Calibri,sans-serif; text-align:left;\"><span style=\"font-size:12pt; line-height:18.3184px;\">EDILSA GONZALEZ ROCA<\/span><\/p>\n<p class=\"MsoNormal\" style=\"color:rgb(0,0,0); font-style:normal; font-variant-ligatures:normal; font-variant-caps:normal; font-weight:400; letter-spacing:normal; orphans:2; text-indent:0px; text-transform:none; white-space:normal; widows:2; word-spacing:0px; -webkit-text-stroke-width:0px; text-decoration-style:initial; text-decoration-color:initialmargin:0cm0cm8pt; line-height:16.7919px; font-size:11pt; font-family:Calibri,sans-serif; text-align:left;\"><span style=\"font-size:12pt; line-height:18.3184px;\">COCL\u00c9.<\/span><\/p>\n<p class=\"MsoNormal\" style=\"color:rgb(0,0,0); font-style:normal; font-variant-ligatures:normal; font-variant-caps:normal; font-weight:400; letter-spacing:normal; orphans:2; text-indent:0px; text-transform:none; white-space:normal; widows:2; word-spacing:0px; -webkit-text-stroke-width:0px; text-decoration-style:initial; text-decoration-color:initialmargin:0cm0cm8pt; line-height:16.7919px; font-size:11pt; font-family:Calibri,sans-serif; text-align:left;\"><span style=\"font-size:12pt; line-height:18.3184px;\">Con la perforaci\u00f3n del primer pozo en la finca de un productor en el \u00e1rea de Ant\u00f3n, el Ministerio de Desarrollo Agropecuario en la provincia de Cocl\u00e9, inici\u00f3 su programa de contingencia contra la sequ\u00eda para el periodo 2019.<\/span><\/p>\n<p><img fetchpriority=\"high\" decoding=\"async\" src=\"http:\/\/mifavorita.com.pa\/2017\/wp-content\/uploads\/2019\/02\/img-20190202-wa00285627819735061162889.jpg\" class=\"alignnone size-full wp-image-2326\" width=\"1040\" height=\"780\" srcset=\"https:\/\/mifavorita.com.pa\/2017\/wp-content\/uploads\/2019\/02\/img-20190202-wa00285627819735061162889.jpg 1040w, https:\/\/mifavorita.com.pa\/2017\/wp-content\/uploads\/2019\/02\/img-20190202-wa00285627819735061162889-300x225.jpg 300w, https:\/\/mifavorita.com.pa\/2017\/wp-content\/uploads\/2019\/02\/img-20190202-wa00285627819735061162889-768x576.jpg 768w, https:\/\/mifavorita.com.pa\/2017\/wp-content\/uploads\/2019\/02\/img-20190202-wa00285627819735061162889-1024x768.jpg 1024w\" sizes=\"(max-width: 1040px) 100vw, 1040px\" \/><\/p>\n<p class=\"MsoNormal\" style=\"color:rgb(0,0,0); font-style:normal; font-variant-ligatures:normal; font-variant-caps:normal; font-weight:400; letter-spacing:normal; orphans:2; text-indent:0px; text-transform:none; white-space:normal; widows:2; word-spacing:0px; -webkit-text-stroke-width:0px; text-decoration-style:initial; text-decoration-color:initialmargin:0cm0cm8pt; line-height:16.7919px; font-size:11pt; font-family:Calibri,sans-serif; text-align:left;\"><span style=\"font-size:12pt; line-height:18.3184px;\">Candelario Olivares, encargado del programa de perforaci\u00f3n de pozos en la Regi\u00f3n-4 Mida Cocl\u00e9, indic\u00f3 que el programa inicia en el distrito de Ant\u00f3n en donde ya tienen una lista de al menos diez peque\u00f1os y medianos productores que ser\u00e1n beneficiados con este proyecto.<\/span><\/p>\n<p class=\"MsoNormal\" style=\"color:rgb(0,0,0); font-style:normal; font-variant-ligatures:normal; font-variant-caps:normal; font-weight:400; letter-spacing:normal; orphans:2; text-indent:0px; text-transform:none; white-space:normal; widows:2; word-spacing:0px; -webkit-text-stroke-width:0px; text-decoration-style:initial; text-decoration-color:initialmargin:0cm0cm8pt; line-height:16.7919px; font-size:11pt; font-family:Calibri,sans-serif; text-align:left;\"><span style=\"font-size:12pt; line-height:18.3184px;\">Inform\u00f3 que una vez, se culmine  con la habilitaci\u00f3n de pozos en Ant\u00f3n se continuar\u00e1 con el distrito de la Pintada y as\u00ed sucesivamente con el resto de los distritos en donde los productores hayan solicitado el apoyo del Mida.<\/span><\/p>\n<p><img decoding=\"async\" src=\"http:\/\/mifavorita.com.pa\/2017\/wp-content\/uploads\/2019\/02\/img-20190202-wa00297489783412247019037.jpg\" class=\"wp-image-2327 alignnone size-full\" width=\"1040\" height=\"780\" srcset=\"https:\/\/mifavorita.com.pa\/2017\/wp-content\/uploads\/2019\/02\/img-20190202-wa00297489783412247019037.jpg 1040w, https:\/\/mifavorita.com.pa\/2017\/wp-content\/uploads\/2019\/02\/img-20190202-wa00297489783412247019037-300x225.jpg 300w, https:\/\/mifavorita.com.pa\/2017\/wp-content\/uploads\/2019\/02\/img-20190202-wa00297489783412247019037-768x576.jpg 768w, https:\/\/mifavorita.com.pa\/2017\/wp-content\/uploads\/2019\/02\/img-20190202-wa00297489783412247019037-1024x768.jpg 1024w\" sizes=\"(max-width: 1040px) 100vw, 1040px\" \/><\/p>\n<p class=\"MsoNormal\" style=\"color:rgb(0,0,0); font-style:normal; font-variant-ligatures:normal; font-variant-caps:normal; font-weight:400; letter-spacing:normal; orphans:2; text-indent:0px; text-transform:none; white-space:normal; widows:2; word-spacing:0px; -webkit-text-stroke-width:0px; text-decoration-style:initial; text-decoration-color:initialmargin:0cm0cm8pt; line-height:16.7919px; font-size:11pt; font-family:Calibri,sans-serif; text-align:left;\"><span style=\"font-size:12pt; line-height:18.3184px;\">Ren\u00e9 Mor\u00e1n, encargado de maquinarias del Mida, manifest\u00f3 que la entidad ha hecho los esfuerzos para que la provincia de Cocl\u00e9 cuente con su propio equipo de perforaci\u00f3n de pozos, el mismo tiene la capacidad para profundizar hasta 200 metros y el costo fue superior a los 300 mil d\u00f3lares.<\/span><\/p>\n<p><img decoding=\"async\" src=\"http:\/\/mifavorita.com.pa\/2017\/wp-content\/uploads\/2019\/02\/img-20190202-wa00306837301700293282129.jpg\" class=\"wp-image-2328 alignnone size-full\" width=\"1040\" height=\"780\" srcset=\"https:\/\/mifavorita.com.pa\/2017\/wp-content\/uploads\/2019\/02\/img-20190202-wa00306837301700293282129.jpg 1040w, https:\/\/mifavorita.com.pa\/2017\/wp-content\/uploads\/2019\/02\/img-20190202-wa00306837301700293282129-300x225.jpg 300w, https:\/\/mifavorita.com.pa\/2017\/wp-content\/uploads\/2019\/02\/img-20190202-wa00306837301700293282129-768x576.jpg 768w, https:\/\/mifavorita.com.pa\/2017\/wp-content\/uploads\/2019\/02\/img-20190202-wa00306837301700293282129-1024x768.jpg 1024w\" sizes=\"(max-width: 1040px) 100vw, 1040px\" \/><\/p>\n<p class=\"MsoNormal\" style=\"color:rgb(0,0,0); font-style:normal; font-variant-ligatures:normal; font-variant-caps:normal; font-weight:400; letter-spacing:normal; orphans:2; text-indent:0px; text-transform:none; white-space:normal; widows:2; word-spacing:0px; -webkit-text-stroke-width:0px; text-decoration-style:initial; text-decoration-color:initialmargin:0cm0cm8pt; line-height:16.7919px; font-size:11pt; font-family:Calibri,sans-serif; text-align:left;\"><span style=\"font-size:12pt; line-height:18.3184px;\">Para los peque\u00f1os productores de Ant\u00f3n, el programa es una ventaja pues est\u00e1n preocupados debido a los anuncios de una temporada seca extendida y ya hay algunos r\u00edos que han bajado dr\u00e1sticamente su caudal.<\/span><\/p>\n","protected":false},"excerpt":{"rendered":"<p>EDILSA GONZALEZ ROCA COCL\u00c9. Con la perforaci\u00f3n del primer pozo en la finca de un productor en el \u00e1rea de Ant\u00f3n, el Ministerio de Desarrollo Agropecuario en la provincia de Cocl\u00e9, inici\u00f3 su programa de contingencia contra la sequ\u00eda para el periodo 2019. Candelario Olivares, encargado del programa de perforaci\u00f3n de pozos en la Regi\u00f3n-4 [&hellip;]<\/p>\n","protected":false},"author":3,"featured_media":2329,"comment_status":"open","ping_status":"open","sticky":false,"template":"","format":"standard","meta":{"footnotes":""},"categories":[1],"tags":[],"class_list":["post-2330","post","type-post","status-publish","format-standard","has-post-thumbnail","hentry","category-noticias"],"_links":{"self":[{"href":"https:\/\/mifavorita.com.pa\/2017\/wp-json\/wp\/v2\/posts\/2330","targetHints":{"allow":["GET"]}}],"collection":[{"href":"https:\/\/mifavorita.com.pa\/2017\/wp-json\/wp\/v2\/posts"}],"about":[{"href":"https:\/\/mifavorita.com.pa\/2017\/wp-json\/wp\/v2\/types\/post"}],"author":[{"embeddable":true,"href":"https:\/\/mifavorita.com.pa\/2017\/wp-json\/wp\/v2\/users\/3"}],"replies":[{"embeddable":true,"href":"https:\/\/mifavorita.com.pa\/2017\/wp-json\/wp\/v2\/comments?post=2330"}],"version-history":[{"count":1,"href":"https:\/\/mifavorita.com.pa\/2017\/wp-json\/wp\/v2\/posts\/2330\/revisions"}],"predecessor-version":[{"id":2331,"href":"https:\/\/mifavorita.com.pa\/2017\/wp-json\/wp\/v2\/posts\/2330\/revisions\/2331"}],"wp:featuredmedia":[{"embeddable":true,"href":"https:\/\/mifavorita.com.pa\/2017\/wp-json\/wp\/v2\/media\/2329"}],"wp:attachment":[{"href":"https:\/\/mifavorita.com.pa\/2017\/wp-json\/wp\/v2\/media?parent=2330"}],"wp:term":[{"taxonomy":"category","embeddable":true,"href":"https:\/\/mifavorita.com.pa\/2017\/wp-json\/wp\/v2\/categories?post=2330"},{"taxonomy":"post_tag","embeddable":true,"href":"https:\/\/mifavorita.com.pa\/2017\/wp-json\/wp\/v2\/tags?post=2330"}],"curies":[{"name":"wp","href":"https:\/\/api.w.org\/{rel}","templated":true}]}}