{"id":2340,"date":"2019-02-02T17:24:24","date_gmt":"2019-02-02T17:24:24","guid":{"rendered":"http:\/\/mifavorita.com.pa\/2017\/?p=2340"},"modified":"2019-02-02T17:24:24","modified_gmt":"2019-02-02T17:24:24","slug":"visite-la-xxxviii-feria-de-la-naranja","status":"publish","type":"post","link":"https:\/\/mifavorita.com.pa\/2017\/visite-la-xxxviii-feria-de-la-naranja\/","title":{"rendered":"Visite la XXXVIII Feria de la Naranja."},"content":{"rendered":"<p class=\"MsoNormal\" style=\"color:rgb(0,0,0); font-style:normal; font-variant-ligatures:normal; font-variant-caps:normal; font-weight:400; letter-spacing:normal; orphans:2; text-indent:0px; text-transform:none; white-space:normal; widows:2; word-spacing:0px; -webkit-text-stroke-width:0px; text-decoration-style:initial; text-decoration-color:initial; margin:0cm0cm0.0001ptline-height:normal; font-size:11pt; font-family:Calibri,sans-serif; text-align:left;\">EDILSA GONZ\u00c1LEZ ROCA<\/p>\n<p class=\"MsoNormal\" style=\"color:rgb(0,0,0); font-style:normal; font-variant-ligatures:normal; font-variant-caps:normal; font-weight:400; letter-spacing:normal; orphans:2; text-indent:0px; text-transform:none; white-space:normal; widows:2; word-spacing:0px; -webkit-text-stroke-width:0px; text-decoration-style:initial; text-decoration-color:initial; margin:0cm0cm0.0001ptline-height:normal; font-size:11pt; font-family:Calibri,sans-serif; text-align:left;\">COCL\u00c9.<\/p>\n<p>Con la participaci\u00f3n de m\u00e1s de 38 comunidades del \u00e1rea norte de Penonom\u00e9, se realiza la trig\u00e9sima octava versi\u00f3n de la Feria Nacional de la Naranja en Churuquita Grande de Penonom\u00e9.<\/p>\n<p><img fetchpriority=\"high\" decoding=\"async\" src=\"http:\/\/mifavorita.com.pa\/2017\/wp-content\/uploads\/2019\/02\/img-20190202-wa00464166044862682909202.jpg\" class=\"wp-image-2332 alignnone size-full\" width=\"1040\" height=\"780\" srcset=\"https:\/\/mifavorita.com.pa\/2017\/wp-content\/uploads\/2019\/02\/img-20190202-wa00464166044862682909202.jpg 1040w, https:\/\/mifavorita.com.pa\/2017\/wp-content\/uploads\/2019\/02\/img-20190202-wa00464166044862682909202-300x225.jpg 300w, https:\/\/mifavorita.com.pa\/2017\/wp-content\/uploads\/2019\/02\/img-20190202-wa00464166044862682909202-768x576.jpg 768w, https:\/\/mifavorita.com.pa\/2017\/wp-content\/uploads\/2019\/02\/img-20190202-wa00464166044862682909202-1024x768.jpg 1024w\" sizes=\"(max-width: 1040px) 100vw, 1040px\" \/><\/p>\n<p class=\"MsoNormal\" style=\"color:rgb(0,0,0); font-style:normal; font-variant-ligatures:normal; font-variant-caps:normal; font-weight:400; letter-spacing:normal; orphans:2; text-indent:0px; text-transform:none; white-space:normal; widows:2; word-spacing:0px; -webkit-text-stroke-width:0px; text-decoration-style:initial; text-decoration-color:initial; margin:0cm0cm0.0001ptline-height:normal; font-size:11pt; font-family:Calibri,sans-serif; text-align:left;\">En este evento participan al menos unas cien familias campesinas que cada a\u00f1o se unen para recoger toda su producci\u00f3n tanto agr\u00edcola como artesanal para vender y tambi\u00e9n exponer toda la riqueza agr\u00edcola y artesanal y cultural de al menos cuatro de los corregimientos de las monta\u00f1as penonome\u00f1as y tambi\u00e9n de La Pintada.<\/p>\n<p><img decoding=\"async\" src=\"http:\/\/mifavorita.com.pa\/2017\/wp-content\/uploads\/2019\/02\/img-20190202-wa0045352204883708863575.jpg\" class=\"wp-image-2333 alignnone size-full\" width=\"1040\" height=\"780\" srcset=\"https:\/\/mifavorita.com.pa\/2017\/wp-content\/uploads\/2019\/02\/img-20190202-wa0045352204883708863575.jpg 1040w, https:\/\/mifavorita.com.pa\/2017\/wp-content\/uploads\/2019\/02\/img-20190202-wa0045352204883708863575-300x225.jpg 300w, https:\/\/mifavorita.com.pa\/2017\/wp-content\/uploads\/2019\/02\/img-20190202-wa0045352204883708863575-768x576.jpg 768w, https:\/\/mifavorita.com.pa\/2017\/wp-content\/uploads\/2019\/02\/img-20190202-wa0045352204883708863575-1024x768.jpg 1024w\" sizes=\"(max-width: 1040px) 100vw, 1040px\" \/><\/p>\n<p class=\"MsoNormal\" style=\"color:rgb(0,0,0); font-style:normal; font-variant-ligatures:normal; font-variant-caps:normal; font-weight:400; letter-spacing:normal; orphans:2; text-indent:0px; text-transform:none; white-space:normal; widows:2; word-spacing:0px; -webkit-text-stroke-width:0px; text-decoration-style:initial; text-decoration-color:initial; margin:0cm0cm0.0001ptline-height:normal; font-size:11pt; font-family:Calibri,sans-serif; text-align:left;\">Como cada a\u00f1o los productores y artesanos se han esmerado por hacer la mejor presentaci\u00f3n de sus ranchos, que es lo que caracteriza a este evento netamente campesino y que resalta las tradiciones de los pobladores de las monta\u00f1as coclesanas, en cada rancho encontrar\u00e1 variedad de productos, artesan\u00edas, y la vistosidad y colorido salidos de la creatividad de cada comunidad participante.<\/p>\n<p><img decoding=\"async\" src=\"http:\/\/mifavorita.com.pa\/2017\/wp-content\/uploads\/2019\/02\/img-20190202-wa00405032223709401693215.jpg\" class=\"wp-image-2334 alignnone size-full\" width=\"1040\" height=\"780\" srcset=\"https:\/\/mifavorita.com.pa\/2017\/wp-content\/uploads\/2019\/02\/img-20190202-wa00405032223709401693215.jpg 1040w, https:\/\/mifavorita.com.pa\/2017\/wp-content\/uploads\/2019\/02\/img-20190202-wa00405032223709401693215-300x225.jpg 300w, https:\/\/mifavorita.com.pa\/2017\/wp-content\/uploads\/2019\/02\/img-20190202-wa00405032223709401693215-768x576.jpg 768w, https:\/\/mifavorita.com.pa\/2017\/wp-content\/uploads\/2019\/02\/img-20190202-wa00405032223709401693215-1024x768.jpg 1024w\" sizes=\"(max-width: 1040px) 100vw, 1040px\" \/><\/p>\n<p class=\"MsoNormal\" style=\"color:rgb(0,0,0); font-style:normal; font-variant-ligatures:normal; font-variant-caps:normal; font-weight:400; letter-spacing:normal; orphans:2; text-indent:0px; text-transform:none; white-space:normal; widows:2; word-spacing:0px; -webkit-text-stroke-width:0px; text-decoration-style:initial; text-decoration-color:initial; margin:0cm0cm0.0001ptline-height:normal; font-size:11pt; font-family:Calibri,sans-serif; text-align:left;\">Los productores aseguraron que este es buen a\u00f1o pues se ha tenido una buena producci\u00f3n adem\u00e1s del apoyo de las entidades agropecuarias y del Patronato de la Feria de la Naranja para su participaci\u00f3n y el traslado de todos los productos.<\/p>\n<p><img loading=\"lazy\" decoding=\"async\" src=\"http:\/\/mifavorita.com.pa\/2017\/wp-content\/uploads\/2019\/02\/img-20190202-wa00436959590720028178439.jpg\" class=\"wp-image-2335 alignnone size-full\" width=\"780\" height=\"1040\" srcset=\"https:\/\/mifavorita.com.pa\/2017\/wp-content\/uploads\/2019\/02\/img-20190202-wa00436959590720028178439.jpg 780w, https:\/\/mifavorita.com.pa\/2017\/wp-content\/uploads\/2019\/02\/img-20190202-wa00436959590720028178439-225x300.jpg 225w, https:\/\/mifavorita.com.pa\/2017\/wp-content\/uploads\/2019\/02\/img-20190202-wa00436959590720028178439-768x1024.jpg 768w\" sizes=\"(max-width: 780px) 100vw, 780px\" \/><\/p>\n<p class=\"MsoNormal\" style=\"color:rgb(0,0,0); font-style:normal; font-variant-ligatures:normal; font-variant-caps:normal; font-weight:400; letter-spacing:normal; orphans:2; text-indent:0px; text-transform:none; white-space:normal; widows:2; word-spacing:0px; -webkit-text-stroke-width:0px; text-decoration-style:initial; text-decoration-color:initial; margin:0cm0cm0.0001ptline-height:normal; font-size:11pt; font-family:Calibri,sans-serif; text-align:left;\">Los directivos del Patronato se\u00f1alaron que cada a\u00f1o se invierten arriba de 35 mil d\u00f3lares para la realizaci\u00f3n de esta y reciben del Comit\u00e9 Nacional de Ferias poco m\u00e1s de 3 mil d\u00f3lares como apoyo a la organizaci\u00f3n, para este a\u00f1o con la presencia a\u00fan de muchos peregrinos del mundo se espera superar la cifra de 20 mil visitantes que tuvieron el a\u00f1o pasado.<\/p>\n<p class=\"MsoNormal\" style=\"color:rgb(0,0,0); font-style:normal; font-variant-ligatures:normal; font-variant-caps:normal; font-weight:400; letter-spacing:normal; orphans:2; text-indent:0px; text-transform:none; white-space:normal; widows:2; word-spacing:0px; -webkit-text-stroke-width:0px; text-decoration-style:initial; text-decoration-color:initial; margin:0cm0cm0.0001ptline-height:normal; font-size:11pt; font-family:Calibri,sans-serif; text-align:left;\">\n<p><img loading=\"lazy\" decoding=\"async\" src=\"http:\/\/mifavorita.com.pa\/2017\/wp-content\/uploads\/2019\/02\/img-20190202-wa00425060169163998506718.jpg\" class=\"alignnone size-full wp-image-2336\" width=\"1040\" height=\"780\" srcset=\"https:\/\/mifavorita.com.pa\/2017\/wp-content\/uploads\/2019\/02\/img-20190202-wa00425060169163998506718.jpg 1040w, https:\/\/mifavorita.com.pa\/2017\/wp-content\/uploads\/2019\/02\/img-20190202-wa00425060169163998506718-300x225.jpg 300w, https:\/\/mifavorita.com.pa\/2017\/wp-content\/uploads\/2019\/02\/img-20190202-wa00425060169163998506718-768x576.jpg 768w, https:\/\/mifavorita.com.pa\/2017\/wp-content\/uploads\/2019\/02\/img-20190202-wa00425060169163998506718-1024x768.jpg 1024w\" sizes=\"(max-width: 1040px) 100vw, 1040px\" \/><\/p>\n<p class=\"MsoNormal\" style=\"color:rgb(0,0,0); font-style:normal; font-variant-ligatures:normal; font-variant-caps:normal; font-weight:400; letter-spacing:normal; orphans:2; text-indent:0px; text-transform:none; white-space:normal; widows:2; word-spacing:0px; -webkit-text-stroke-width:0px; text-decoration-style:initial; text-decoration-color:initial; margin:0cm0cm0.0001ptline-height:normal; font-size:11pt; font-family:Calibri,sans-serif; text-align:left;\">Todav\u00eda este fin se semana tiene la oportunidad de disfrutar de las ventas, exposiciones, concursos de ranchos, cabalgatas, bailes, juegos mec\u00e1nicos, presentaciones folcl\u00f3ricas y comprar productos y artesan\u00edas a buenos precios.<\/p>\n","protected":false},"excerpt":{"rendered":"<p>EDILSA GONZ\u00c1LEZ ROCA COCL\u00c9. Con la participaci\u00f3n de m\u00e1s de 38 comunidades del \u00e1rea norte de Penonom\u00e9, se realiza la trig\u00e9sima octava versi\u00f3n de la Feria Nacional de la Naranja en Churuquita Grande de Penonom\u00e9. En este evento participan al menos unas cien familias campesinas que cada a\u00f1o se unen para recoger toda su producci\u00f3n [&hellip;]<\/p>\n","protected":false},"author":3,"featured_media":2339,"comment_status":"open","ping_status":"open","sticky":false,"template":"","format":"standard","meta":{"footnotes":""},"categories":[1],"tags":[],"class_list":["post-2340","post","type-post","status-publish","format-standard","has-post-thumbnail","hentry","category-noticias"],"_links":{"self":[{"href":"https:\/\/mifavorita.com.pa\/2017\/wp-json\/wp\/v2\/posts\/2340","targetHints":{"allow":["GET"]}}],"collection":[{"href":"https:\/\/mifavorita.com.pa\/2017\/wp-json\/wp\/v2\/posts"}],"about":[{"href":"https:\/\/mifavorita.com.pa\/2017\/wp-json\/wp\/v2\/types\/post"}],"author":[{"embeddable":true,"href":"https:\/\/mifavorita.com.pa\/2017\/wp-json\/wp\/v2\/users\/3"}],"replies":[{"embeddable":true,"href":"https:\/\/mifavorita.com.pa\/2017\/wp-json\/wp\/v2\/comments?post=2340"}],"version-history":[{"count":1,"href":"https:\/\/mifavorita.com.pa\/2017\/wp-json\/wp\/v2\/posts\/2340\/revisions"}],"predecessor-version":[{"id":2341,"href":"https:\/\/mifavorita.com.pa\/2017\/wp-json\/wp\/v2\/posts\/2340\/revisions\/2341"}],"wp:featuredmedia":[{"embeddable":true,"href":"https:\/\/mifavorita.com.pa\/2017\/wp-json\/wp\/v2\/media\/2339"}],"wp:attachment":[{"href":"https:\/\/mifavorita.com.pa\/2017\/wp-json\/wp\/v2\/media?parent=2340"}],"wp:term":[{"taxonomy":"category","embeddable":true,"href":"https:\/\/mifavorita.com.pa\/2017\/wp-json\/wp\/v2\/categories?post=2340"},{"taxonomy":"post_tag","embeddable":true,"href":"https:\/\/mifavorita.com.pa\/2017\/wp-json\/wp\/v2\/tags?post=2340"}],"curies":[{"name":"wp","href":"https:\/\/api.w.org\/{rel}","templated":true}]}}