{"id":2350,"date":"2019-02-06T20:28:24","date_gmt":"2019-02-06T20:28:24","guid":{"rendered":"http:\/\/mifavorita.com.pa\/2017\/?p=2350"},"modified":"2019-02-06T20:28:24","modified_gmt":"2019-02-06T20:28:24","slug":"en-el-coco-de-penonome-parchan-la-via-con-cemento","status":"publish","type":"post","link":"https:\/\/mifavorita.com.pa\/2017\/en-el-coco-de-penonome-parchan-la-via-con-cemento\/","title":{"rendered":"En El Coco de Penonom\u00e9 parchan la v\u00eda con cemento"},"content":{"rendered":"<p class=\"MsoNormal\" style=\"color:rgb(0,0,0); font-style:normal; font-variant-ligatures:normal; font-variant-caps:normal; font-weight:400; letter-spacing:normal; orphans:2; text-indent:0px; text-transform:none; white-space:normal; widows:2; word-spacing:0px; -webkit-text-stroke-width:0px; text-decoration-style:initial; text-decoration-color:initialmargin:0cm0cm8pt; line-height:16.7919px; font-size:11pt; font-family:Calibri,sans-serif; text-align:left;\">EDILSA GONZALEZ ROCA<\/p>\n<p class=\"MsoNormal\" style=\"color:rgb(0,0,0); font-style:normal; font-variant-ligatures:normal; font-variant-caps:normal; font-weight:400; letter-spacing:normal; orphans:2; text-indent:0px; text-transform:none; white-space:normal; widows:2; word-spacing:0px; -webkit-text-stroke-width:0px; text-decoration-style:initial; text-decoration-color:initialmargin:0cm0cm8pt; line-height:16.7919px; font-size:11pt; font-family:Calibri,sans-serif; text-align:left;\">COCL\u00c9.<\/p>\n<p class=\"MsoNormal\" style=\"color:rgb(0,0,0); font-style:normal; font-variant-ligatures:normal; font-variant-caps:normal; font-weight:400; letter-spacing:normal; orphans:2; text-indent:0px; text-transform:none; white-space:normal; widows:2; word-spacing:0px; -webkit-text-stroke-width:0px; text-decoration-style:initial; text-decoration-color:initialmargin:0cm0cm8pt; line-height:16.7919px; font-size:11pt; font-family:Calibri,sans-serif; text-align:left;\">Molestos est\u00e1n los residentes de la comunidad de El Coco de Penonom\u00e9, debido a que han tenido que tapar ellos mismos la enorme cantidad de huecos en la v\u00eda, que en partes se torna intransitable por la falta de mantenimiento, por parte del Ministerio de Obras P\u00fablicas.<\/p>\n<p><img fetchpriority=\"high\" decoding=\"async\" src=\"http:\/\/mifavorita.com.pa\/2017\/wp-content\/uploads\/2019\/02\/img-20190206-wa00734279241804340916073.jpg\" class=\"wp-image-2346 alignnone size-full\" width=\"1040\" height=\"780\" srcset=\"https:\/\/mifavorita.com.pa\/2017\/wp-content\/uploads\/2019\/02\/img-20190206-wa00734279241804340916073.jpg 1040w, https:\/\/mifavorita.com.pa\/2017\/wp-content\/uploads\/2019\/02\/img-20190206-wa00734279241804340916073-300x225.jpg 300w, https:\/\/mifavorita.com.pa\/2017\/wp-content\/uploads\/2019\/02\/img-20190206-wa00734279241804340916073-768x576.jpg 768w, https:\/\/mifavorita.com.pa\/2017\/wp-content\/uploads\/2019\/02\/img-20190206-wa00734279241804340916073-1024x768.jpg 1024w\" sizes=\"(max-width: 1040px) 100vw, 1040px\" \/><\/p>\n<p class=\"MsoNormal\" style=\"color:rgb(0,0,0); font-style:normal; font-variant-ligatures:normal; font-variant-caps:normal; font-weight:400; letter-spacing:normal; orphans:2; text-indent:0px; text-transform:none; white-space:normal; widows:2; word-spacing:0px; -webkit-text-stroke-width:0px; text-decoration-style:initial; text-decoration-color:initialmargin:0cm0cm8pt; line-height:16.7919px; font-size:11pt; font-family:Calibri,sans-serif; text-align:left;\">Aseguran que llevan meses pidiendo a Julio Guardia  director regional del Ministerio de Obras P\u00fablicas que se le d\u00e9 mantenimiento a esta transitada v\u00eda y no han obtenido respuesta, lo peor la calle est\u00e1 cada vez m\u00e1s deteriorada y temen que la situaci\u00f3n empeore cada d\u00eda.<\/p>\n<p class=\"MsoNormal\" style=\"color:rgb(0,0,0); font-style:normal; font-variant-ligatures:normal; font-variant-caps:normal; font-weight:400; letter-spacing:normal; orphans:2; text-indent:0px; text-transform:none; white-space:normal; widows:2; word-spacing:0px; -webkit-text-stroke-width:0px; text-decoration-style:initial; text-decoration-color:initialmargin:0cm0cm8pt; line-height:16.7919px; font-size:11pt; font-family:Calibri,sans-serif; text-align:left;\">Jos\u00e9 \u00c1ngel S\u00e1enz, dijo que tom\u00f3 la iniciativa de sellar los huecos con cemento porque est\u00e1n cansados de tener que pasar a diario por encima de una gran cantidad de huecos que da\u00f1an sus veh\u00edculos y adem\u00e1s son un riesgo de accidentes, que ya se han dado en esa v\u00eda.<\/p>\n<p><img decoding=\"async\" src=\"http:\/\/mifavorita.com.pa\/2017\/wp-content\/uploads\/2019\/02\/img-20190206-wa00775829766371878317892.jpg\" class=\"alignnone size-full wp-image-2347\" width=\"1040\" height=\"780\" srcset=\"https:\/\/mifavorita.com.pa\/2017\/wp-content\/uploads\/2019\/02\/img-20190206-wa00775829766371878317892.jpg 1040w, https:\/\/mifavorita.com.pa\/2017\/wp-content\/uploads\/2019\/02\/img-20190206-wa00775829766371878317892-300x225.jpg 300w, https:\/\/mifavorita.com.pa\/2017\/wp-content\/uploads\/2019\/02\/img-20190206-wa00775829766371878317892-768x576.jpg 768w, https:\/\/mifavorita.com.pa\/2017\/wp-content\/uploads\/2019\/02\/img-20190206-wa00775829766371878317892-1024x768.jpg 1024w\" sizes=\"(max-width: 1040px) 100vw, 1040px\" \/><\/p>\n<p class=\"MsoNormal\" style=\"color:rgb(0,0,0); font-style:normal; font-variant-ligatures:normal; font-variant-caps:normal; font-weight:400; letter-spacing:normal; orphans:2; text-indent:0px; text-transform:none; white-space:normal; widows:2; word-spacing:0px; -webkit-text-stroke-width:0px; text-decoration-style:initial; text-decoration-color:initialmargin:0cm0cm8pt; line-height:16.7919px; font-size:11pt; font-family:Calibri,sans-serif; text-align:left;\">R\u00f3mulo Amaya, otro de los residentes del \u00e1rea se quej\u00f3 de que las autoridades no hagan nada por mejorar la condici\u00f3n de esa calle, que es altamente transitada pues una regi\u00f3n productora en donde hay empresas ganaderas, molinos de arroz, el parque e\u00f3lico y hasta camaroneras.<\/p>\n<p><img decoding=\"async\" src=\"http:\/\/mifavorita.com.pa\/2017\/wp-content\/uploads\/2019\/02\/img-20190206-wa00725791201775307531766.jpg\" class=\"alignnone size-full wp-image-2348\" width=\"1040\" height=\"780\" srcset=\"https:\/\/mifavorita.com.pa\/2017\/wp-content\/uploads\/2019\/02\/img-20190206-wa00725791201775307531766.jpg 1040w, https:\/\/mifavorita.com.pa\/2017\/wp-content\/uploads\/2019\/02\/img-20190206-wa00725791201775307531766-300x225.jpg 300w, https:\/\/mifavorita.com.pa\/2017\/wp-content\/uploads\/2019\/02\/img-20190206-wa00725791201775307531766-768x576.jpg 768w, https:\/\/mifavorita.com.pa\/2017\/wp-content\/uploads\/2019\/02\/img-20190206-wa00725791201775307531766-1024x768.jpg 1024w\" sizes=\"(max-width: 1040px) 100vw, 1040px\" \/><\/p>\n<p class=\"MsoNormal\" style=\"color:rgb(0,0,0); font-style:normal; font-variant-ligatures:normal; font-variant-caps:normal; font-weight:400; letter-spacing:normal; orphans:2; text-indent:0px; text-transform:none; white-space:normal; widows:2; word-spacing:0px; -webkit-text-stroke-width:0px; text-decoration-style:initial; text-decoration-color:initialmargin:0cm0cm8pt; line-height:16.7919px; font-size:11pt; font-family:Calibri,sans-serif; text-align:left;\">Indic\u00f3 que el problema est\u00e1 en la falta de inter\u00e9s y gesti\u00f3n de las autoridades para darle mantenimiento a la calle, pues si se le hiciera eso no habr\u00eda necesidad de hacer grande inversiones, sin embargo no sabe qu\u00e9 pasa con el MOP que parece que no tiene ni para parchar calles.<\/p>\n<p class=\"MsoNormal\" style=\"color:rgb(0,0,0); font-style:normal; font-variant-ligatures:normal; font-variant-caps:normal; font-weight:400; letter-spacing:normal; orphans:2; text-indent:0px; text-transform:none; white-space:normal; widows:2; word-spacing:0px; -webkit-text-stroke-width:0px; text-decoration-style:initial; text-decoration-color:initialmargin:0cm0cm8pt; line-height:16.7919px; font-size:11pt; font-family:Calibri,sans-serif; text-align:left;\">Los quejosos pidieron al MOP, al representante del corregimiento Euclides Montenegro y a los due\u00f1os de las empresas que se sirven de esa carretera, se unan para parchar la v\u00eda y dar respuesta a la comunidad, de lo contrario cerrar\u00e1n la v\u00eda en los pr\u00f3ximos d\u00edas.<\/p>\n","protected":false},"excerpt":{"rendered":"<p>EDILSA GONZALEZ ROCA COCL\u00c9. Molestos est\u00e1n los residentes de la comunidad de El Coco de Penonom\u00e9, debido a que han tenido que tapar ellos mismos la enorme cantidad de huecos en la v\u00eda, que en partes se torna intransitable por la falta de mantenimiento, por parte del Ministerio de Obras P\u00fablicas. Aseguran que llevan meses [&hellip;]<\/p>\n","protected":false},"author":3,"featured_media":2349,"comment_status":"open","ping_status":"open","sticky":false,"template":"","format":"standard","meta":{"footnotes":""},"categories":[1],"tags":[],"class_list":["post-2350","post","type-post","status-publish","format-standard","has-post-thumbnail","hentry","category-noticias"],"_links":{"self":[{"href":"https:\/\/mifavorita.com.pa\/2017\/wp-json\/wp\/v2\/posts\/2350","targetHints":{"allow":["GET"]}}],"collection":[{"href":"https:\/\/mifavorita.com.pa\/2017\/wp-json\/wp\/v2\/posts"}],"about":[{"href":"https:\/\/mifavorita.com.pa\/2017\/wp-json\/wp\/v2\/types\/post"}],"author":[{"embeddable":true,"href":"https:\/\/mifavorita.com.pa\/2017\/wp-json\/wp\/v2\/users\/3"}],"replies":[{"embeddable":true,"href":"https:\/\/mifavorita.com.pa\/2017\/wp-json\/wp\/v2\/comments?post=2350"}],"version-history":[{"count":1,"href":"https:\/\/mifavorita.com.pa\/2017\/wp-json\/wp\/v2\/posts\/2350\/revisions"}],"predecessor-version":[{"id":2351,"href":"https:\/\/mifavorita.com.pa\/2017\/wp-json\/wp\/v2\/posts\/2350\/revisions\/2351"}],"wp:featuredmedia":[{"embeddable":true,"href":"https:\/\/mifavorita.com.pa\/2017\/wp-json\/wp\/v2\/media\/2349"}],"wp:attachment":[{"href":"https:\/\/mifavorita.com.pa\/2017\/wp-json\/wp\/v2\/media?parent=2350"}],"wp:term":[{"taxonomy":"category","embeddable":true,"href":"https:\/\/mifavorita.com.pa\/2017\/wp-json\/wp\/v2\/categories?post=2350"},{"taxonomy":"post_tag","embeddable":true,"href":"https:\/\/mifavorita.com.pa\/2017\/wp-json\/wp\/v2\/tags?post=2350"}],"curies":[{"name":"wp","href":"https:\/\/api.w.org\/{rel}","templated":true}]}}