{"id":2355,"date":"2019-02-06T21:54:00","date_gmt":"2019-02-06T21:54:00","guid":{"rendered":"http:\/\/mifavorita.com.pa\/2017\/?p=2355"},"modified":"2019-02-06T22:18:43","modified_gmt":"2019-02-06T22:18:43","slug":"carnaval-en-la-central-de-penonome-va","status":"publish","type":"post","link":"https:\/\/mifavorita.com.pa\/2017\/carnaval-en-la-central-de-penonome-va\/","title":{"rendered":"Carnaval en La Central de Penonom\u00e9 va."},"content":{"rendered":"<p class=\"MsoNormal\" style=\"color:rgb(0,0,0); font-style:normal; font-variant-ligatures:normal; font-variant-caps:normal; font-weight:400; letter-spacing:normal; orphans:2; text-indent:0px; text-transform:none; white-space:normal; widows:2; word-spacing:0px; -webkit-text-stroke-width:0px; text-decoration-style:initial; text-decoration-color:initialmargin:0cm0cm8pt; line-height:16.7919px; font-size:11pt; font-family:Calibri,sans-serif; text-align:left;\">EDILSA GONZALEZ ROCA<\/p>\n<p class=\"MsoNormal\" style=\"color:rgb(0,0,0); font-style:normal; font-variant-ligatures:normal; font-variant-caps:normal; font-weight:400; letter-spacing:normal; orphans:2; text-indent:0px; text-transform:none; white-space:normal; widows:2; word-spacing:0px; -webkit-text-stroke-width:0px; text-decoration-style:initial; text-decoration-color:initialmargin:0cm0cm8pt; line-height:16.7919px; font-size:11pt; font-family:Calibri,sans-serif; text-align:left;\">COCL\u00c9.<\/p>\n<p class=\"MsoNormal\" style=\"color:rgb(0,0,0); font-style:normal; font-variant-ligatures:normal; font-variant-caps:normal; font-weight:400; letter-spacing:normal; orphans:2; text-indent:0px; text-transform:none; white-space:normal; widows:2; word-spacing:0px; -webkit-text-stroke-width:0px; text-decoration-style:initial; text-decoration-color:initialmargin:0cm0cm8pt; line-height:16.7919px; font-size:11pt; font-family:Calibri,sans-serif; text-align:left;\">Despu\u00e9s de varios meses en ascuas, por no saber si habr\u00eda o no carnaval en la Avenida Central de Penonom\u00e9, las autoridades decidieron que s\u00ed se ocupar\u00e1 esta v\u00eda para la celebraci\u00f3n, pero solo hasta este 2019 se permitir\u00e1 la instalaci\u00f3n de tarimas y discotecas m\u00f3viles.<\/p>\n<p><img fetchpriority=\"high\" decoding=\"async\" class=\"wp-image-2352 alignnone size-full\" src=\"http:\/\/mifavorita.com.pa\/2017\/wp-content\/uploads\/2019\/02\/img_20190205_1527371565463546761382221.jpg\" width=\"2080\" height=\"1560\" srcset=\"https:\/\/mifavorita.com.pa\/2017\/wp-content\/uploads\/2019\/02\/img_20190205_1527371565463546761382221.jpg 2080w, https:\/\/mifavorita.com.pa\/2017\/wp-content\/uploads\/2019\/02\/img_20190205_1527371565463546761382221-300x225.jpg 300w, https:\/\/mifavorita.com.pa\/2017\/wp-content\/uploads\/2019\/02\/img_20190205_1527371565463546761382221-768x576.jpg 768w, https:\/\/mifavorita.com.pa\/2017\/wp-content\/uploads\/2019\/02\/img_20190205_1527371565463546761382221-1024x768.jpg 1024w\" sizes=\"(max-width: 2080px) 100vw, 2080px\" \/><\/p>\n<p class=\"MsoNormal\" style=\"color:rgb(0,0,0); font-style:normal; font-variant-ligatures:normal; font-variant-caps:normal; font-weight:400; letter-spacing:normal; orphans:2; text-indent:0px; text-transform:none; white-space:normal; widows:2; word-spacing:0px; -webkit-text-stroke-width:0px; text-decoration-style:initial; text-decoration-color:initialmargin:0cm0cm8pt; line-height:16.7919px; font-size:11pt; font-family:Calibri,sans-serif; text-align:left;\">La decisi\u00f3n la tom\u00f3 el alcalde de Penonom\u00e9, Agust\u00edn M\u00e9ndez a trav\u00e9s de una nota en donde da respuesta a un grupo de la sociedad civil que bajo amenaza de demandar a las autoridades y la Junta de Carnaval, se opon\u00eda a que se ubiquen tarimas en la citada avenida alegando que las mismas obstruyen el libre paso y adem\u00e1s se infringe la ley que proh\u00edbe la venta de licor a menos de 500 metros de la iglesia.<\/p>\n<p class=\"MsoNormal\" style=\"color:rgb(0,0,0); font-style:normal; font-variant-ligatures:normal; font-variant-caps:normal; font-weight:400; letter-spacing:normal; orphans:2; text-indent:0px; text-transform:none; white-space:normal; widows:2; word-spacing:0px; -webkit-text-stroke-width:0px; text-decoration-style:initial; text-decoration-color:initialmargin:0cm0cm8pt; line-height:16.7919px; font-size:11pt; font-family:Calibri,sans-serif; text-align:left;\">Tras la opini\u00f3n de las autoridades de la Fuerza de Tarea Conjunta, en donde consideraban que cambiar el \u00e1rea de la festividad a estas fechas faltando menos de un mes para la celebraci\u00f3n no era conveniente, no hab\u00eda otro sitio para hacerlo y adem\u00e1s ser\u00eda complicado crear un nuevo plan de seguridad, desalojos y emergencias lo m\u00e1s adecuado era mantener la festividad en la central, el alcalde decidi\u00f3 que la misma se haga en el sitio de siempre.<\/p>\n<p class=\"MsoNormal\" style=\"color:rgb(0,0,0); font-style:normal; font-variant-ligatures:normal; font-variant-caps:normal; font-weight:400; letter-spacing:normal; orphans:2; text-indent:0px; text-transform:none; white-space:normal; widows:2; word-spacing:0px; -webkit-text-stroke-width:0px; text-decoration-style:initial; text-decoration-color:initialmargin:0cm0cm8pt; line-height:16.7919px; font-size:11pt; font-family:Calibri,sans-serif; text-align:left;\">En un acta de compromiso que aval\u00f3 adem\u00e1s el presidente de la Junta de Carnaval Emmanuel Varela, y el P\u00e1rroco de Penonom\u00e9 Rolando Reyna, como mediador, el Grupo Carpen, representante del Pesk-ito en la figura de Abdiel Celis, se comprometi\u00f3 para que el pr\u00f3ximo a\u00f1o busquen otro lugar en donde ubicar sus tarimas.<\/p>\n<p><img decoding=\"async\" class=\"wp-image-2353 alignnone size-full\" src=\"http:\/\/mifavorita.com.pa\/2017\/wp-content\/uploads\/2019\/02\/picsart_02-06-116489458740064104703.jpg\" width=\"1080\" height=\"1846\" srcset=\"https:\/\/mifavorita.com.pa\/2017\/wp-content\/uploads\/2019\/02\/picsart_02-06-116489458740064104703.jpg 1080w, https:\/\/mifavorita.com.pa\/2017\/wp-content\/uploads\/2019\/02\/picsart_02-06-116489458740064104703-176x300.jpg 176w, https:\/\/mifavorita.com.pa\/2017\/wp-content\/uploads\/2019\/02\/picsart_02-06-116489458740064104703-768x1313.jpg 768w, https:\/\/mifavorita.com.pa\/2017\/wp-content\/uploads\/2019\/02\/picsart_02-06-116489458740064104703-599x1024.jpg 599w\" sizes=\"(max-width: 1080px) 100vw, 1080px\" \/><\/p>\n<p class=\"MsoNormal\" style=\"color:rgb(0,0,0); font-style:normal; font-variant-ligatures:normal; font-variant-caps:normal; font-weight:400; letter-spacing:normal; orphans:2; text-indent:0px; text-transform:none; white-space:normal; widows:2; word-spacing:0px; -webkit-text-stroke-width:0px; text-decoration-style:initial; text-decoration-color:initialmargin:0cm0cm8pt; line-height:16.7919px; font-size:11pt; font-family:Calibri,sans-serif; text-align:left;\">El compromiso se har\u00e1 legal tras la presentaci\u00f3n de un proyecto de Acuerdo que deber\u00e1 aprobar el Concejo Municipal para que se convierta en ley y se cumpla durante las pr\u00f3ximas festividades carnestolendas y se termine as\u00ed el problema que durante los \u00faltimos a\u00f1os ha afectado la celebraci\u00f3n del carnaval penonome\u00f1o.<\/p>\n","protected":false},"excerpt":{"rendered":"<p>EDILSA GONZALEZ ROCA COCL\u00c9. Despu\u00e9s de varios meses en ascuas, por no saber si habr\u00eda o no carnaval en la Avenida Central de Penonom\u00e9, las autoridades decidieron que s\u00ed se ocupar\u00e1 esta v\u00eda para la celebraci\u00f3n, pero solo hasta este 2019 se permitir\u00e1 la instalaci\u00f3n de tarimas y discotecas m\u00f3viles. La decisi\u00f3n la tom\u00f3 el [&hellip;]<\/p>\n","protected":false},"author":3,"featured_media":2354,"comment_status":"open","ping_status":"open","sticky":false,"template":"","format":"standard","meta":{"footnotes":""},"categories":[1],"tags":[],"class_list":["post-2355","post","type-post","status-publish","format-standard","has-post-thumbnail","hentry","category-noticias"],"_links":{"self":[{"href":"https:\/\/mifavorita.com.pa\/2017\/wp-json\/wp\/v2\/posts\/2355","targetHints":{"allow":["GET"]}}],"collection":[{"href":"https:\/\/mifavorita.com.pa\/2017\/wp-json\/wp\/v2\/posts"}],"about":[{"href":"https:\/\/mifavorita.com.pa\/2017\/wp-json\/wp\/v2\/types\/post"}],"author":[{"embeddable":true,"href":"https:\/\/mifavorita.com.pa\/2017\/wp-json\/wp\/v2\/users\/3"}],"replies":[{"embeddable":true,"href":"https:\/\/mifavorita.com.pa\/2017\/wp-json\/wp\/v2\/comments?post=2355"}],"version-history":[{"count":2,"href":"https:\/\/mifavorita.com.pa\/2017\/wp-json\/wp\/v2\/posts\/2355\/revisions"}],"predecessor-version":[{"id":2357,"href":"https:\/\/mifavorita.com.pa\/2017\/wp-json\/wp\/v2\/posts\/2355\/revisions\/2357"}],"wp:featuredmedia":[{"embeddable":true,"href":"https:\/\/mifavorita.com.pa\/2017\/wp-json\/wp\/v2\/media\/2354"}],"wp:attachment":[{"href":"https:\/\/mifavorita.com.pa\/2017\/wp-json\/wp\/v2\/media?parent=2355"}],"wp:term":[{"taxonomy":"category","embeddable":true,"href":"https:\/\/mifavorita.com.pa\/2017\/wp-json\/wp\/v2\/categories?post=2355"},{"taxonomy":"post_tag","embeddable":true,"href":"https:\/\/mifavorita.com.pa\/2017\/wp-json\/wp\/v2\/tags?post=2355"}],"curies":[{"name":"wp","href":"https:\/\/api.w.org\/{rel}","templated":true}]}}