{"id":2367,"date":"2019-02-12T21:43:59","date_gmt":"2019-02-12T21:43:59","guid":{"rendered":"http:\/\/mifavorita.com.pa\/2017\/?p=2367"},"modified":"2019-02-12T21:43:59","modified_gmt":"2019-02-12T21:43:59","slug":"mas-de-2-mil-personas-se-atienden-en-gira-medica","status":"publish","type":"post","link":"https:\/\/mifavorita.com.pa\/2017\/mas-de-2-mil-personas-se-atienden-en-gira-medica\/","title":{"rendered":"M\u00e1s de 2 mil personas se atienden en gira m\u00e9dica"},"content":{"rendered":"<p class=\"MsoNormal\" original_font_size=\"11pt\" style=\"color:rgb(0,0,0); font-style:normal; font-variant-ligatures:normal; font-variant-caps:normal; font-weight:400; letter-spacing:normal; orphans:2text-indent:0px; text-transform:none; white-space:normal; widows:2; word-spacing:0px; -webkit-text-stroke-width:0px; text-decoration-style:initial; text-decoration-color:initial; margin:0cm0cm8pt; line-height:1.5; font-size:15px; font-family:Calibri,sans-serif; height:auto; width:328px; min-width:328px; max-width:328px; text-align:left;\">EDILSA GONZALEZ ROCA<\/p>\n<p class=\"MsoNormal\" original_font_size=\"11pt\" style=\"color:rgb(0,0,0); font-style:normal; font-variant-ligatures:normal; font-variant-caps:normal; font-weight:400; letter-spacing:normal; orphans:2text-indent:0px; text-transform:none; white-space:normal; widows:2; word-spacing:0px; -webkit-text-stroke-width:0px; text-decoration-style:initial; text-decoration-color:initial; margin:0cm0cm8pt; line-height:1.5; font-size:15px; font-family:Calibri,sans-serif; height:auto; width:328px; min-width:328px; max-width:328px; text-align:left;\">COCL\u00c9.<\/p>\n<p class=\"MsoNormal\" original_font_size=\"11pt\" style=\"color:rgb(0,0,0); font-style:normal; font-variant-ligatures:normal; font-variant-caps:normal; font-weight:400; letter-spacing:normal; orphans:2; text-indent:0px; text-transform:none; white-space:normal; widows:2; word-spacing:0px; -webkit-text-stroke-width:0px; text-decoration-style:initial; text-decoration-color:initialmargin:0cm0cm8pt; line-height:1.5; font-size:15px; font-family:Calibri,sans-serif; height:auto; width:328px; min-width:328px; max-width:328px; text-align:left;\">M\u00e1s de dos mil 500 personas se han atendido en los dos d\u00edas de gira m\u00e9dica que lleva adelante la Fundaci\u00f3n Northeast Vosh de los Estados Unidos en conjunto con el Club Rotario Dorado Panam\u00e1, el Ministerio de Salud y el CRUC de Cocl\u00e9.<\/p>\n<p><img fetchpriority=\"high\" decoding=\"async\" src=\"http:\/\/mifavorita.com.pa\/2017\/wp-content\/uploads\/2019\/02\/img-20190212-wa00847454586163323015295.jpg\" class=\"wp-image-2360 alignnone size-full\" width=\"1280\" height=\"960\" srcset=\"https:\/\/mifavorita.com.pa\/2017\/wp-content\/uploads\/2019\/02\/img-20190212-wa00847454586163323015295.jpg 1280w, https:\/\/mifavorita.com.pa\/2017\/wp-content\/uploads\/2019\/02\/img-20190212-wa00847454586163323015295-300x225.jpg 300w, https:\/\/mifavorita.com.pa\/2017\/wp-content\/uploads\/2019\/02\/img-20190212-wa00847454586163323015295-768x576.jpg 768w, https:\/\/mifavorita.com.pa\/2017\/wp-content\/uploads\/2019\/02\/img-20190212-wa00847454586163323015295-1024x768.jpg 1024w\" sizes=\"(max-width: 1280px) 100vw, 1280px\" \/><\/p>\n<p class=\"MsoNormal\" original_font_size=\"11pt\" style=\"color:rgb(0,0,0); font-style:normal; font-variant-ligatures:normal; font-variant-caps:normal; font-weight:400; letter-spacing:normal; orphans:2; text-indent:0px; text-transform:none; white-space:normal; widows:2; word-spacing:0px; -webkit-text-stroke-width:0px; text-decoration-style:initial; text-decoration-color:initialmargin:0cm0cm8pt; line-height:1.5; font-size:15px; font-family:Calibri,sans-serif; height:auto; width:328px; min-width:328px; max-width:328px; text-align:left;\">La gira m\u00e9dica que se lleva a cabo en la sede de la Universidad de Panam\u00e1 en Llano Mar\u00edn de Penonom\u00e9, se extender\u00e1 hasta este jueves 14 de febrero y se brindan servicios de  medicina general, dermatolog\u00eda, ginecolog\u00eda, odontolog\u00eda, quiroterapia, optometr\u00eda, y audiolog\u00eda, estas dos \u00faltimas especialidades entregan a los pacientes que lo requieren lentes y aud\u00edfonos totalmente gratis.<\/p>\n<p><img decoding=\"async\" src=\"http:\/\/mifavorita.com.pa\/2017\/wp-content\/uploads\/2019\/02\/img-20190212-wa00858887669956269627286.jpg\" class=\"wp-image-2364 alignnone size-full\" width=\"1280\" height=\"960\" srcset=\"https:\/\/mifavorita.com.pa\/2017\/wp-content\/uploads\/2019\/02\/img-20190212-wa00858887669956269627286.jpg 1280w, https:\/\/mifavorita.com.pa\/2017\/wp-content\/uploads\/2019\/02\/img-20190212-wa00858887669956269627286-300x225.jpg 300w, https:\/\/mifavorita.com.pa\/2017\/wp-content\/uploads\/2019\/02\/img-20190212-wa00858887669956269627286-768x576.jpg 768w, https:\/\/mifavorita.com.pa\/2017\/wp-content\/uploads\/2019\/02\/img-20190212-wa00858887669956269627286-1024x768.jpg 1024w\" sizes=\"(max-width: 1280px) 100vw, 1280px\" \/><\/p>\n<p>Jos\u00e9 Gonz\u00e1lez Chea, director del Proyecto Nevosh del Club Rotario Dorado Panam\u00e1 indic\u00f3 que esta la sexta ocasi\u00f3n en que realizan este tipo de giras m\u00e9dicas, en esta ocasi\u00f3n gracias a convenios con la Universidad de Panam\u00e1 y el Ministerio de Educaci\u00f3n se logr\u00f3 traer la gira y los especialistas tanto a Penonom\u00e9 como a San Roquito de Ol\u00e1.<\/p>\n<p>Destac\u00f3 que en tan solo dos d\u00edas se atendieron en el Centro Regional Universitario de Cocl\u00e9 2 mil personas y otras 500 en el \u00e1rea de San Roquito en Ol\u00e1, en donde se ubic\u00f3 una cl\u00ednica adicional, no obstante esperan superar la cifra de 3 mil 200 que ten\u00edan programado hasta el 14 de febrero.<\/p>\n<p><img decoding=\"async\" src=\"http:\/\/mifavorita.com.pa\/2017\/wp-content\/uploads\/2019\/02\/img-20190212-wa0081588574207544975404.jpg\" class=\"wp-image-2365 alignnone size-full\" width=\"1280\" height=\"960\" srcset=\"https:\/\/mifavorita.com.pa\/2017\/wp-content\/uploads\/2019\/02\/img-20190212-wa0081588574207544975404.jpg 1280w, https:\/\/mifavorita.com.pa\/2017\/wp-content\/uploads\/2019\/02\/img-20190212-wa0081588574207544975404-300x225.jpg 300w, https:\/\/mifavorita.com.pa\/2017\/wp-content\/uploads\/2019\/02\/img-20190212-wa0081588574207544975404-768x576.jpg 768w, https:\/\/mifavorita.com.pa\/2017\/wp-content\/uploads\/2019\/02\/img-20190212-wa0081588574207544975404-1024x768.jpg 1024w\" sizes=\"(max-width: 1280px) 100vw, 1280px\" \/><\/p>\n<p>Ofelia Castillo, residente en Chiriqu\u00ed, dijo que vino por problemas de audici\u00f3n y quer\u00eda que la examinen y  le dieran aud\u00edfonos, igual fue Hermelinda Guerrero, residente de Penonom\u00e9 que asegura ten\u00eda m\u00e1s de 30 a\u00f1os con problemas de audici\u00f3n y por fue en busca de ayuda a la gira m\u00e9dica.<\/p>\n<p><img loading=\"lazy\" decoding=\"async\" src=\"http:\/\/mifavorita.com.pa\/2017\/wp-content\/uploads\/2019\/02\/img-20190212-wa00798226231386260847670.jpg\" class=\"wp-image-2366 alignnone size-full\" width=\"1280\" height=\"960\" srcset=\"https:\/\/mifavorita.com.pa\/2017\/wp-content\/uploads\/2019\/02\/img-20190212-wa00798226231386260847670.jpg 1280w, https:\/\/mifavorita.com.pa\/2017\/wp-content\/uploads\/2019\/02\/img-20190212-wa00798226231386260847670-300x225.jpg 300w, https:\/\/mifavorita.com.pa\/2017\/wp-content\/uploads\/2019\/02\/img-20190212-wa00798226231386260847670-768x576.jpg 768w, https:\/\/mifavorita.com.pa\/2017\/wp-content\/uploads\/2019\/02\/img-20190212-wa00798226231386260847670-1024x768.jpg 1024w\" sizes=\"(max-width: 1280px) 100vw, 1280px\" \/><\/p>\n<p class=\"MsoNormal\" original_font_size=\"11pt\" style=\"color:rgb(0,0,0); font-style:normal; font-variant-ligatures:normal; font-variant-caps:normal; font-weight:400; letter-spacing:normal; orphans:2; text-indent:0px; text-transform:none; white-space:normal; widows:2; word-spacing:0px; -webkit-text-stroke-width:0px; text-decoration-style:initial; text-decoration-color:initialmargin:0cm0cm8pt; line-height:1.5; font-size:15px; font-family:Calibri,sans-serif; height:auto; width:328px; min-width:328px; max-width:328px; text-align:left;\">Voluntarios de la Fundaci\u00f3n Devosh, del Club Rotario de El Dorado, de la Universidad de Panam\u00e1, del Ministerio de Salud e incluso particulares colaboran con esta gira m\u00e9dica que por tercera vez se realiza en la provincia de Cocl\u00e9 y brinda atenci\u00f3n y medicinas gratis a todos los pacientes<\/p>\n","protected":false},"excerpt":{"rendered":"<p>EDILSA GONZALEZ ROCA COCL\u00c9. M\u00e1s de dos mil 500 personas se han atendido en los dos d\u00edas de gira m\u00e9dica que lleva adelante la Fundaci\u00f3n Northeast Vosh de los Estados Unidos en conjunto con el Club Rotario Dorado Panam\u00e1, el Ministerio de Salud y el CRUC de Cocl\u00e9. La gira m\u00e9dica que se lleva a [&hellip;]<\/p>\n","protected":false},"author":3,"featured_media":2359,"comment_status":"open","ping_status":"open","sticky":false,"template":"","format":"standard","meta":{"footnotes":""},"categories":[1],"tags":[],"class_list":["post-2367","post","type-post","status-publish","format-standard","has-post-thumbnail","hentry","category-noticias"],"_links":{"self":[{"href":"https:\/\/mifavorita.com.pa\/2017\/wp-json\/wp\/v2\/posts\/2367","targetHints":{"allow":["GET"]}}],"collection":[{"href":"https:\/\/mifavorita.com.pa\/2017\/wp-json\/wp\/v2\/posts"}],"about":[{"href":"https:\/\/mifavorita.com.pa\/2017\/wp-json\/wp\/v2\/types\/post"}],"author":[{"embeddable":true,"href":"https:\/\/mifavorita.com.pa\/2017\/wp-json\/wp\/v2\/users\/3"}],"replies":[{"embeddable":true,"href":"https:\/\/mifavorita.com.pa\/2017\/wp-json\/wp\/v2\/comments?post=2367"}],"version-history":[{"count":1,"href":"https:\/\/mifavorita.com.pa\/2017\/wp-json\/wp\/v2\/posts\/2367\/revisions"}],"predecessor-version":[{"id":2368,"href":"https:\/\/mifavorita.com.pa\/2017\/wp-json\/wp\/v2\/posts\/2367\/revisions\/2368"}],"wp:featuredmedia":[{"embeddable":true,"href":"https:\/\/mifavorita.com.pa\/2017\/wp-json\/wp\/v2\/media\/2359"}],"wp:attachment":[{"href":"https:\/\/mifavorita.com.pa\/2017\/wp-json\/wp\/v2\/media?parent=2367"}],"wp:term":[{"taxonomy":"category","embeddable":true,"href":"https:\/\/mifavorita.com.pa\/2017\/wp-json\/wp\/v2\/categories?post=2367"},{"taxonomy":"post_tag","embeddable":true,"href":"https:\/\/mifavorita.com.pa\/2017\/wp-json\/wp\/v2\/tags?post=2367"}],"curies":[{"name":"wp","href":"https:\/\/api.w.org\/{rel}","templated":true}]}}