{"id":3236,"date":"2019-10-01T11:30:45","date_gmt":"2019-10-01T11:30:45","guid":{"rendered":"https:\/\/mifavorita.com.pa\/2017\/?p=3236"},"modified":"2019-10-01T03:15:58","modified_gmt":"2019-10-01T03:15:58","slug":"se-celebro-en-penonome-dia-de-la-conciencia-ambiental","status":"publish","type":"post","link":"https:\/\/mifavorita.com.pa\/2017\/se-celebro-en-penonome-dia-de-la-conciencia-ambiental\/","title":{"rendered":"Se celebr\u00f3 en Penonom\u00e9 d\u00eda de la conciencia ambiental."},"content":{"rendered":"<p>Con el lema \u00abTrae tu vaso, reduce el pl\u00e1stico\u00bb se celebr\u00f3 en la ciudad de Penonom\u00e9, el d\u00eda de la conciencia ambiental organizado por el Ministerio de Ambiente, con una concentraci\u00f3n en el parque 8 de Diciembre y una caminata que a trav\u00e9s de las principales avenidas de la capital coclesana.<\/p>\n<p><img fetchpriority=\"high\" decoding=\"async\" src=\"https:\/\/mifavorita.com.pa\/2017\/wp-content\/uploads\/2019\/10\/20190927092335_img_2725_18338688817981594786.jpg\" class=\"wp-image-3235 alignnone size-full\" width=\"1920\" height=\"1280\">Chiara Ramos directora de Mi Ambiente en Cocl\u00e9 dijo que hay que crear una cultura ambiental y trabajar para contrarrestar el uso de pl\u00e1stico en el planeta, ya que afecta a las aguas, y a la fauna acu\u00e1tica.<\/p>\n<p><img decoding=\"async\" src=\"https:\/\/mifavorita.com.pa\/2017\/wp-content\/uploads\/2019\/10\/20190927091106_img_2716_28236617635234016151.jpg\" class=\"alignnone size-full wp-image-3238\" width=\"1920\" height=\"1280\">Ramos tambi\u00e9n manifest\u00f3 que ya tienen fijado el pr\u00f3ximo reto para luchar contra la contaminaci\u00f3n ambiental, se trata la del uso de las botellas pl\u00e1sticas, se\u00f1al\u00f3 que quieren trabajar en una campa\u00f1a para que en la medida de lo que sea posible se pueda disminuir este material del medio ambiente.<\/p>\n<p><img decoding=\"async\" src=\"https:\/\/mifavorita.com.pa\/2017\/wp-content\/uploads\/2019\/10\/20190927092356_img_2730_18389063826818734994.jpg\" class=\"alignnone size-full wp-image-3239\" width=\"1920\" height=\"1280\">En la misma participaron la escuela \u00c1ngel Mar\u00eda Herrera, banda de m\u00fasica Sime\u00f3n Conte, instituciones como SINAPROC, INADEH, Polic\u00eda Nacional, Banco de Desarrollo Agropecuario, MIDA, Universidad de Panam\u00e1, y Municipio de Penonom\u00e9 entre otras.<\/p>\n<p><img loading=\"lazy\" decoding=\"async\" src=\"https:\/\/mifavorita.com.pa\/2017\/wp-content\/uploads\/2019\/10\/20190927091028_img_2711_23502583177006392895.jpg\" class=\"wp-image-3240 alignnone size-full\" width=\"1920\" height=\"1280\">Esta actividad simult\u00e1neamente se desarroll\u00f3 en otros puntos del pa\u00eds, con el objetivo de que todos los ciudadanos se sumen a la buena pr\u00e1ctica de no contaminar el medio ambiente.<\/p>\n<p><img loading=\"lazy\" decoding=\"async\" src=\"https:\/\/mifavorita.com.pa\/2017\/wp-content\/uploads\/2019\/10\/20190927093110_img_2737_12087660532552899926.jpg\" class=\"wp-image-3241 alignnone size-full\" width=\"1920\" height=\"1280\">El d\u00eda de la celebraci\u00f3n ambiental en el mundo se realiza desde hace 23 a\u00f1os y naci\u00f3 para recordar el tr\u00e1gico suceso ocurrido en 1993, cuando un escape de gas cianh\u00eddrico ocasion\u00f3 la muerte de siete personas en la ciudad de Avellaneda, en Buenos Aires en Argentina.<\/p>\n","protected":false},"excerpt":{"rendered":"<p>Con el lema \u00abTrae tu vaso, reduce el pl\u00e1stico\u00bb se celebr\u00f3 en la ciudad de Penonom\u00e9, el d\u00eda de la conciencia ambiental organizado por el Ministerio de Ambiente, con una concentraci\u00f3n en el parque 8 de Diciembre y una caminata que a trav\u00e9s de las principales avenidas de la capital coclesana. Chiara Ramos directora de [&hellip;]<\/p>\n","protected":false},"author":3,"featured_media":3242,"comment_status":"open","ping_status":"open","sticky":false,"template":"","format":"standard","meta":{"footnotes":""},"categories":[1],"tags":[],"class_list":["post-3236","post","type-post","status-publish","format-standard","has-post-thumbnail","hentry","category-noticias"],"_links":{"self":[{"href":"https:\/\/mifavorita.com.pa\/2017\/wp-json\/wp\/v2\/posts\/3236","targetHints":{"allow":["GET"]}}],"collection":[{"href":"https:\/\/mifavorita.com.pa\/2017\/wp-json\/wp\/v2\/posts"}],"about":[{"href":"https:\/\/mifavorita.com.pa\/2017\/wp-json\/wp\/v2\/types\/post"}],"author":[{"embeddable":true,"href":"https:\/\/mifavorita.com.pa\/2017\/wp-json\/wp\/v2\/users\/3"}],"replies":[{"embeddable":true,"href":"https:\/\/mifavorita.com.pa\/2017\/wp-json\/wp\/v2\/comments?post=3236"}],"version-history":[{"count":2,"href":"https:\/\/mifavorita.com.pa\/2017\/wp-json\/wp\/v2\/posts\/3236\/revisions"}],"predecessor-version":[{"id":3243,"href":"https:\/\/mifavorita.com.pa\/2017\/wp-json\/wp\/v2\/posts\/3236\/revisions\/3243"}],"wp:featuredmedia":[{"embeddable":true,"href":"https:\/\/mifavorita.com.pa\/2017\/wp-json\/wp\/v2\/media\/3242"}],"wp:attachment":[{"href":"https:\/\/mifavorita.com.pa\/2017\/wp-json\/wp\/v2\/media?parent=3236"}],"wp:term":[{"taxonomy":"category","embeddable":true,"href":"https:\/\/mifavorita.com.pa\/2017\/wp-json\/wp\/v2\/categories?post=3236"},{"taxonomy":"post_tag","embeddable":true,"href":"https:\/\/mifavorita.com.pa\/2017\/wp-json\/wp\/v2\/tags?post=3236"}],"curies":[{"name":"wp","href":"https:\/\/api.w.org\/{rel}","templated":true}]}}