{"id":3252,"date":"2019-10-02T21:45:43","date_gmt":"2019-10-02T21:45:43","guid":{"rendered":"https:\/\/mifavorita.com.pa\/2017\/?p=3252"},"modified":"2019-10-02T21:55:43","modified_gmt":"2019-10-02T21:55:43","slug":"derrame-de-quimicos-provoca-desalojo-de-un-colegio-en-nata","status":"publish","type":"post","link":"https:\/\/mifavorita.com.pa\/2017\/derrame-de-quimicos-provoca-desalojo-de-un-colegio-en-nata\/","title":{"rendered":"Derrame de qu\u00edmicos provoca desalojo de un colegio en Nat\u00e1"},"content":{"rendered":"<p>EDILSA GONZALEZ ROCA<br \/>\nCOCL\u00c9.<\/p>\n<p>El derrame de un producto qu\u00edmico en uno de los laboratorios del Colegio Mariano Prados Ara\u00faz de Nat\u00e1, gener\u00f3 el desalojo de estudiantes y personal docente de este plantel, adem\u00e1s de trabajadores de una empresa de construcci\u00f3n que realiza trabajos en el sitio.<\/p>\n<p><img fetchpriority=\"high\" decoding=\"async\" class=\"alignnone size-full wp-image-3249\" src=\"https:\/\/mifavorita.com.pa\/2017\/wp-content\/uploads\/2019\/10\/img-20191002-wa00668329823076757906913.jpg\" width=\"1280\" height=\"960\"><\/p>\n<p>Felipe Fern\u00e1ndez, director del colegio inform\u00f3 que el derrame se dio en un laboratorio y una vez ocurrido el hecho se desaloj\u00f3 primero a los estudiantes del pabell\u00f3n m\u00e1s cercano y despu\u00e9s por recomendaci\u00f3n del Cuerpo de Bomberos a todo el colegio.<\/p>\n<p><img decoding=\"async\" class=\"wp-image-3250 alignnone size-full\" src=\"https:\/\/mifavorita.com.pa\/2017\/wp-content\/uploads\/2019\/10\/img-20191002-wa00658767734533188403780.jpg\" width=\"1280\" height=\"960\"><\/p>\n<p>El hecho se dio a eso de las 9:30 de la ma\u00f1ana, un vez se inform\u00f3 al Cuerpo de Bomberos, los mismos acordonaron el \u00e1rea, se protegi\u00f3 cubri\u00f3 y contuvo el derrame que al parecer se dio por el manejo inapropiado de los insumos dentro del laboratorio.<\/p>\n<p>Durante la situaci\u00f3n se evaluaron siete trabajadores de la empresa de construcci\u00f3n que realiza trabajos dentro del plantel educativo, un trabajador manual y dos bomberos, pero todos en condici\u00f3n estable, seg\u00fan inform\u00f3 el jefe de los bomberos de la provincia Roderick Salcedo.<\/p>\n<p><img decoding=\"async\" class=\"wp-image-3251 alignnone size-full\" src=\"https:\/\/mifavorita.com.pa\/2017\/wp-content\/uploads\/2019\/10\/img-20191002-wa00606708386823395616207.jpg\" width=\"1280\" height=\"960\"><\/p>\n<p>Las clases fueron suspendidas durante la jornada de la ma\u00f1ana y la tarde, no obstante, este jueves hay clases normales, para ello se coordin\u00f3 con los Bomberos para cerrar el sitio del accidente y con el Meduca para agilizar y buscar una empresa que haga el traslado del material o qu\u00edmico contenido que se derram\u00f3, de una forma segura.<\/p>\n","protected":false},"excerpt":{"rendered":"<p>EDILSA GONZALEZ ROCA COCL\u00c9. El derrame de un producto qu\u00edmico en uno de los laboratorios del Colegio Mariano Prados Ara\u00faz de Nat\u00e1, gener\u00f3 el desalojo de estudiantes y personal docente de este plantel, adem\u00e1s de trabajadores de una empresa de construcci\u00f3n que realiza trabajos en el sitio. Felipe Fern\u00e1ndez, director del colegio inform\u00f3 que el [&hellip;]<\/p>\n","protected":false},"author":3,"featured_media":3248,"comment_status":"open","ping_status":"open","sticky":false,"template":"","format":"standard","meta":{"footnotes":""},"categories":[1],"tags":[],"class_list":["post-3252","post","type-post","status-publish","format-standard","has-post-thumbnail","hentry","category-noticias"],"_links":{"self":[{"href":"https:\/\/mifavorita.com.pa\/2017\/wp-json\/wp\/v2\/posts\/3252","targetHints":{"allow":["GET"]}}],"collection":[{"href":"https:\/\/mifavorita.com.pa\/2017\/wp-json\/wp\/v2\/posts"}],"about":[{"href":"https:\/\/mifavorita.com.pa\/2017\/wp-json\/wp\/v2\/types\/post"}],"author":[{"embeddable":true,"href":"https:\/\/mifavorita.com.pa\/2017\/wp-json\/wp\/v2\/users\/3"}],"replies":[{"embeddable":true,"href":"https:\/\/mifavorita.com.pa\/2017\/wp-json\/wp\/v2\/comments?post=3252"}],"version-history":[{"count":2,"href":"https:\/\/mifavorita.com.pa\/2017\/wp-json\/wp\/v2\/posts\/3252\/revisions"}],"predecessor-version":[{"id":3254,"href":"https:\/\/mifavorita.com.pa\/2017\/wp-json\/wp\/v2\/posts\/3252\/revisions\/3254"}],"wp:featuredmedia":[{"embeddable":true,"href":"https:\/\/mifavorita.com.pa\/2017\/wp-json\/wp\/v2\/media\/3248"}],"wp:attachment":[{"href":"https:\/\/mifavorita.com.pa\/2017\/wp-json\/wp\/v2\/media?parent=3252"}],"wp:term":[{"taxonomy":"category","embeddable":true,"href":"https:\/\/mifavorita.com.pa\/2017\/wp-json\/wp\/v2\/categories?post=3252"},{"taxonomy":"post_tag","embeddable":true,"href":"https:\/\/mifavorita.com.pa\/2017\/wp-json\/wp\/v2\/tags?post=3252"}],"curies":[{"name":"wp","href":"https:\/\/api.w.org\/{rel}","templated":true}]}}