{"id":3271,"date":"2019-10-08T01:34:22","date_gmt":"2019-10-08T01:34:22","guid":{"rendered":"https:\/\/mifavorita.com.pa\/2017\/?p=3271"},"modified":"2019-10-08T01:37:32","modified_gmt":"2019-10-08T01:37:32","slug":"juez-ordena-detener-a-conductor-de-bus-donde-murio-mujer-embarazada","status":"publish","type":"post","link":"https:\/\/mifavorita.com.pa\/2017\/juez-ordena-detener-a-conductor-de-bus-donde-murio-mujer-embarazada\/","title":{"rendered":"Juez ordena detener a conductor de bus donde muri\u00f3 mujer embarazada"},"content":{"rendered":"<p>EDILSA GONZ\u00c1LEZ ROCA<br \/>\nCOCL\u00c9.<\/p>\n<p>Detenido por seis meses qued\u00f3 Maickel Santiago Rojas Quiroz de 34 a\u00f1os, conductor del bus accidentado el pasado viernes en donde una mujer embarazada de 28 a\u00f1os falleci\u00f3 producto de un violento choque en Ant\u00f3n.<\/p>\n<p><img fetchpriority=\"high\" decoding=\"async\" class=\"wp-image-3273 alignnone size-full\" src=\"https:\/\/mifavorita.com.pa\/2017\/wp-content\/uploads\/2019\/10\/IMG_20191004_141405_992.jpg\" width=\"1080\" height=\"810\"><\/p>\n<p>Rojas Quiroz fue imputado por el delito de homicidio culposo agravado y lesiones agravadas durante una audiencia de garant\u00edas realizada la tarde de este lunes en el SPA de Llano Mar\u00edn de Penonom\u00e9.<\/p>\n<p><img decoding=\"async\" class=\"wp-image-3274 alignnone size-full\" src=\"https:\/\/mifavorita.com.pa\/2017\/wp-content\/uploads\/2019\/10\/img_20191004_215549_3654644214548600089459.jpg\" width=\"853\" height=\"640\"><\/p>\n<p>El Ministerio P\u00fablico solicit\u00f3 la detenci\u00f3n provisional del imputado al considerar que el conductor le falt\u00f3 pericia y su imprudencia al no pensar en la responsabilidad que le asiste al transportar personas causaron este accidente en donde lamentablemente una madre embarazada perdi\u00f3 la vida junto a su producto y otras tres personas resultaron con lesiones severas.<\/p>\n<p><img decoding=\"async\" class=\"wp-image-3275 alignnone size-full\" src=\"https:\/\/mifavorita.com.pa\/2017\/wp-content\/uploads\/2019\/10\/img_20191004_141407_5746518910685692798572.jpg\" width=\"1080\" height=\"810\"><\/p>\n<p>Residentes de Las Gu\u00edas y de la comunidad de El Jobo donde viv\u00eda la joven fallecida que dej\u00f3 tres ni\u00f1os hu\u00e9rfanos de madre, manifestaron su molestia por la forma desordenada como transitan los buses de transporte de esta ruta que a pesar de las advertencias y las quejas ciudadanas hacen caso omiso a su responsabilidad.<\/p>\n<p>Francisco Chir\u00fa residente de El Jobo de R\u00edo Hato, dijo que este accidente se dio por el desorden con que andan estos buseros que no respetan a nadie y viven pele\u00e1ndose los pasajeros y a exceso de velocidad por todas las v\u00eda por lo que pidi\u00f3 a la ATTT ponerle alto a esta situaci\u00f3n.<\/p>\n","protected":false},"excerpt":{"rendered":"<p>EDILSA GONZ\u00c1LEZ ROCA COCL\u00c9. Detenido por seis meses qued\u00f3 Maickel Santiago Rojas Quiroz de 34 a\u00f1os, conductor del bus accidentado el pasado viernes en donde una mujer embarazada de 28 a\u00f1os falleci\u00f3 producto de un violento choque en Ant\u00f3n. Rojas Quiroz fue imputado por el delito de homicidio culposo agravado y lesiones agravadas durante una [&hellip;]<\/p>\n","protected":false},"author":3,"featured_media":3273,"comment_status":"open","ping_status":"open","sticky":false,"template":"","format":"standard","meta":{"footnotes":""},"categories":[1],"tags":[],"class_list":["post-3271","post","type-post","status-publish","format-standard","has-post-thumbnail","hentry","category-noticias"],"_links":{"self":[{"href":"https:\/\/mifavorita.com.pa\/2017\/wp-json\/wp\/v2\/posts\/3271","targetHints":{"allow":["GET"]}}],"collection":[{"href":"https:\/\/mifavorita.com.pa\/2017\/wp-json\/wp\/v2\/posts"}],"about":[{"href":"https:\/\/mifavorita.com.pa\/2017\/wp-json\/wp\/v2\/types\/post"}],"author":[{"embeddable":true,"href":"https:\/\/mifavorita.com.pa\/2017\/wp-json\/wp\/v2\/users\/3"}],"replies":[{"embeddable":true,"href":"https:\/\/mifavorita.com.pa\/2017\/wp-json\/wp\/v2\/comments?post=3271"}],"version-history":[{"count":3,"href":"https:\/\/mifavorita.com.pa\/2017\/wp-json\/wp\/v2\/posts\/3271\/revisions"}],"predecessor-version":[{"id":3277,"href":"https:\/\/mifavorita.com.pa\/2017\/wp-json\/wp\/v2\/posts\/3271\/revisions\/3277"}],"wp:featuredmedia":[{"embeddable":true,"href":"https:\/\/mifavorita.com.pa\/2017\/wp-json\/wp\/v2\/media\/3273"}],"wp:attachment":[{"href":"https:\/\/mifavorita.com.pa\/2017\/wp-json\/wp\/v2\/media?parent=3271"}],"wp:term":[{"taxonomy":"category","embeddable":true,"href":"https:\/\/mifavorita.com.pa\/2017\/wp-json\/wp\/v2\/categories?post=3271"},{"taxonomy":"post_tag","embeddable":true,"href":"https:\/\/mifavorita.com.pa\/2017\/wp-json\/wp\/v2\/tags?post=3271"}],"curies":[{"name":"wp","href":"https:\/\/api.w.org\/{rel}","templated":true}]}}