{"id":3282,"date":"2019-10-10T01:02:44","date_gmt":"2019-10-10T01:02:44","guid":{"rendered":"https:\/\/mifavorita.com.pa\/2017\/?p=3282"},"modified":"2019-10-10T01:04:41","modified_gmt":"2019-10-10T01:04:41","slug":"joven-muere-ahogado-en-farallon","status":"publish","type":"post","link":"https:\/\/mifavorita.com.pa\/2017\/joven-muere-ahogado-en-farallon\/","title":{"rendered":"Joven muere ahogado en Farall\u00f3n"},"content":{"rendered":"<p>EDILSA GONZ\u00c1LEZ ROCA<br \/>\nCOCL\u00c9<\/p>\n<p>Un joven de aproximadamente 20 a\u00f1os de edad falleci\u00f3 ahogado la tarde de este mi\u00e9rcoles 9 de octubre en la Playa Farall\u00f3n, de R\u00edo Hato en la costa de Ant\u00f3n.<\/p>\n<p><img fetchpriority=\"high\" decoding=\"async\" class=\"wp-image-3279 alignnone size-full\" src=\"https:\/\/mifavorita.com.pa\/2017\/wp-content\/uploads\/2019\/10\/img_20191009_200152_1243370476217401586863.jpg\" width=\"960\" height=\"960\"><\/p>\n<p>Seg\u00fan los primeros informes el joven Ariel Rodriguez residente en Burunga, Arraij\u00e1n se encontraba supuestamente libando licor a orillas de la playa, varios ba\u00f1istas lo observaron entrar al mar sin volverlo a ver un rato despu\u00e9s.<\/p>\n<p><img decoding=\"async\" class=\"wp-image-3280 alignnone size-full\" src=\"https:\/\/mifavorita.com.pa\/2017\/wp-content\/uploads\/2019\/10\/img-20191009-wa009692351960136305091.jpg\" width=\"1280\" height=\"960\"><\/p>\n<p>Al notar su ausencia y tomando en cuenta que estaba tomando los ba\u00f1istas dieron aviso a las autoridades que iniciaron el operativo de b\u00fasqueda a \u00faltimas horas de la tarde.<\/p>\n<p><img decoding=\"async\" class=\"wp-image-3281 alignnone size-full\" src=\"https:\/\/mifavorita.com.pa\/2017\/wp-content\/uploads\/2019\/10\/img-20191009-wa00931827517249089827076.jpg\" width=\"1280\" height=\"960\">Miembros de la Polic\u00eda Nacional, el Servicio Nacional Aeronaval y el Sistema Nacional de Protecci\u00f3n Civil acudieron al sitio y se procedi\u00f3 a hacer un barrido a orillas de la playa.<br \/>\nVarios minutos despu\u00e9s se dio con el cuerpo del joven ya sin signos vitales por lo que se procedi\u00f3 a informar a la personer\u00eda de Ant\u00f3n para el levantamiento del cad\u00e1ver y verificar la identidad del mismo.<\/p>\n","protected":false},"excerpt":{"rendered":"<p>EDILSA GONZ\u00c1LEZ ROCA COCL\u00c9 Un joven de aproximadamente 20 a\u00f1os de edad falleci\u00f3 ahogado la tarde de este mi\u00e9rcoles 9 de octubre en la Playa Farall\u00f3n, de R\u00edo Hato en la costa de Ant\u00f3n. Seg\u00fan los primeros informes el joven Ariel Rodriguez residente en Burunga, Arraij\u00e1n se encontraba supuestamente libando licor a orillas de la [&hellip;]<\/p>\n","protected":false},"author":3,"featured_media":3278,"comment_status":"open","ping_status":"open","sticky":false,"template":"","format":"standard","meta":{"footnotes":""},"categories":[1],"tags":[],"class_list":["post-3282","post","type-post","status-publish","format-standard","has-post-thumbnail","hentry","category-noticias"],"_links":{"self":[{"href":"https:\/\/mifavorita.com.pa\/2017\/wp-json\/wp\/v2\/posts\/3282","targetHints":{"allow":["GET"]}}],"collection":[{"href":"https:\/\/mifavorita.com.pa\/2017\/wp-json\/wp\/v2\/posts"}],"about":[{"href":"https:\/\/mifavorita.com.pa\/2017\/wp-json\/wp\/v2\/types\/post"}],"author":[{"embeddable":true,"href":"https:\/\/mifavorita.com.pa\/2017\/wp-json\/wp\/v2\/users\/3"}],"replies":[{"embeddable":true,"href":"https:\/\/mifavorita.com.pa\/2017\/wp-json\/wp\/v2\/comments?post=3282"}],"version-history":[{"count":2,"href":"https:\/\/mifavorita.com.pa\/2017\/wp-json\/wp\/v2\/posts\/3282\/revisions"}],"predecessor-version":[{"id":3284,"href":"https:\/\/mifavorita.com.pa\/2017\/wp-json\/wp\/v2\/posts\/3282\/revisions\/3284"}],"wp:featuredmedia":[{"embeddable":true,"href":"https:\/\/mifavorita.com.pa\/2017\/wp-json\/wp\/v2\/media\/3278"}],"wp:attachment":[{"href":"https:\/\/mifavorita.com.pa\/2017\/wp-json\/wp\/v2\/media?parent=3282"}],"wp:term":[{"taxonomy":"category","embeddable":true,"href":"https:\/\/mifavorita.com.pa\/2017\/wp-json\/wp\/v2\/categories?post=3282"},{"taxonomy":"post_tag","embeddable":true,"href":"https:\/\/mifavorita.com.pa\/2017\/wp-json\/wp\/v2\/tags?post=3282"}],"curies":[{"name":"wp","href":"https:\/\/api.w.org\/{rel}","templated":true}]}}