{"id":3285,"date":"2019-10-12T02:59:05","date_gmt":"2019-10-12T02:59:05","guid":{"rendered":"https:\/\/mifavorita.com.pa\/2017\/?p=3285"},"modified":"2019-10-12T03:01:03","modified_gmt":"2019-10-12T03:01:03","slug":"anton-celebra-su-tradicion","status":"publish","type":"post","link":"https:\/\/mifavorita.com.pa\/2017\/anton-celebra-su-tradicion\/","title":{"rendered":"ANT\u00d3N CELEBRA SU TRADICI\u00d3N"},"content":{"rendered":"<p>EDILSA GONZALEZ ROCA<br \/>\nCOCL\u00c9.<\/p>\n<p>Ant\u00f3n celebra este fin de semana la quincuag\u00e9sima versi\u00f3n del Festival Nacional del Toro Guapo con diversas actividades folcl\u00f3ricas y concursos de habilidades dom\u00e9sticas adem\u00e1s de comidas t\u00edpicas, el tan gustado manjar y otras muchas atracciones para grandes y chicos.<\/p>\n<p>Este viernes 11 de octubre fue dedicado a los ni\u00f1os hubo desfile de reinas con sus princesas, abanderados infantiles, presentaciones folcl\u00f3ricas, danza del torito guapo, y concursos de habilidades folcl\u00f3ricas formaron parte de la serie de actividades en la que participaron los ni\u00f1os este viernes en Ant\u00f3n.<\/p>\n<p><img fetchpriority=\"high\" decoding=\"async\" class=\"wp-image-3288 alignnone size-full\" src=\"https:\/\/mifavorita.com.pa\/2017\/wp-content\/uploads\/2019\/10\/d18a59f1086729c2ddffd9c55596c9db8558098627181535662.jpg\" width=\"1080\" height=\"809\"><\/p>\n<p>Marina Moreno, miembros del Patronato del quincuag\u00e9simo festival, se\u00f1al\u00f3 que en Ant\u00f3n la participaci\u00f3n de los ni\u00f1os es muy importante porque de esa manera aseguran la permanencia del festival, agreg\u00f3 que este s\u00e1bado habr\u00e1 muchas actividades iniciando con la tuna de agua a las nueve dela ma\u00f1ana.<\/p>\n<p>Juan Federico Verdum, abanderado infantil del 50 Festival Nacional del Toro Guapo, junto a la reina infantil Mariangel S\u00e1nchez, invitaron a todos los que a\u00fan no han llegado a la fiesta para que disfruten este s\u00e1bado de la mojadera con totuma, del guacho de rabito, de la sopa de pata, del manjar blanco, y la gran cantidad de actividades folcl\u00f3ricas y tradicionales, adem\u00e1s el gran desfile de carretas este domingo desde las once de la ma\u00f1ana.<\/p>\n<p>Este festival creado en 1964 como una fiesta de pueblo pas\u00f3 a convertirse en un Festival Nacional tras la aprobaci\u00f3n de la Ley 10 del 21 de enero de 2004, por medio de la cual se declara el 15 de octubre de cada a\u00f1o como d\u00eda c\u00edvico y de fiesta folcl\u00f3rica nacional en el Festival del Toro Guapo de Ant\u00f3n.<\/p>\n<p><strong><em>Fotos: @Festivaltoroguapoanton<\/em><\/strong><\/p>\n","protected":false},"excerpt":{"rendered":"<p>EDILSA GONZALEZ ROCA COCL\u00c9. Ant\u00f3n celebra este fin de semana la quincuag\u00e9sima versi\u00f3n del Festival Nacional del Toro Guapo con diversas actividades folcl\u00f3ricas y concursos de habilidades dom\u00e9sticas adem\u00e1s de comidas t\u00edpicas, el tan gustado manjar y otras muchas atracciones para grandes y chicos. Este viernes 11 de octubre fue dedicado a los ni\u00f1os hubo [&hellip;]<\/p>\n","protected":false},"author":3,"featured_media":3289,"comment_status":"open","ping_status":"open","sticky":false,"template":"","format":"standard","meta":{"footnotes":""},"categories":[1],"tags":[],"class_list":["post-3285","post","type-post","status-publish","format-standard","has-post-thumbnail","hentry","category-noticias"],"_links":{"self":[{"href":"https:\/\/mifavorita.com.pa\/2017\/wp-json\/wp\/v2\/posts\/3285","targetHints":{"allow":["GET"]}}],"collection":[{"href":"https:\/\/mifavorita.com.pa\/2017\/wp-json\/wp\/v2\/posts"}],"about":[{"href":"https:\/\/mifavorita.com.pa\/2017\/wp-json\/wp\/v2\/types\/post"}],"author":[{"embeddable":true,"href":"https:\/\/mifavorita.com.pa\/2017\/wp-json\/wp\/v2\/users\/3"}],"replies":[{"embeddable":true,"href":"https:\/\/mifavorita.com.pa\/2017\/wp-json\/wp\/v2\/comments?post=3285"}],"version-history":[{"count":3,"href":"https:\/\/mifavorita.com.pa\/2017\/wp-json\/wp\/v2\/posts\/3285\/revisions"}],"predecessor-version":[{"id":3291,"href":"https:\/\/mifavorita.com.pa\/2017\/wp-json\/wp\/v2\/posts\/3285\/revisions\/3291"}],"wp:featuredmedia":[{"embeddable":true,"href":"https:\/\/mifavorita.com.pa\/2017\/wp-json\/wp\/v2\/media\/3289"}],"wp:attachment":[{"href":"https:\/\/mifavorita.com.pa\/2017\/wp-json\/wp\/v2\/media?parent=3285"}],"wp:term":[{"taxonomy":"category","embeddable":true,"href":"https:\/\/mifavorita.com.pa\/2017\/wp-json\/wp\/v2\/categories?post=3285"},{"taxonomy":"post_tag","embeddable":true,"href":"https:\/\/mifavorita.com.pa\/2017\/wp-json\/wp\/v2\/tags?post=3285"}],"curies":[{"name":"wp","href":"https:\/\/api.w.org\/{rel}","templated":true}]}}