{"id":3294,"date":"2019-10-17T02:01:55","date_gmt":"2019-10-17T02:01:55","guid":{"rendered":"https:\/\/mifavorita.com.pa\/2017\/?p=3294"},"modified":"2019-10-17T02:02:21","modified_gmt":"2019-10-17T02:02:21","slug":"ordenan-detencion-de-implicados-en-robo-a-mini-super","status":"publish","type":"post","link":"https:\/\/mifavorita.com.pa\/2017\/ordenan-detencion-de-implicados-en-robo-a-mini-super\/","title":{"rendered":"Ordenan detenci\u00f3n de implicados en robo a mini s\u00faper."},"content":{"rendered":"<p>EDILSA GONZALEZ ROCA<\/p>\n<p class=\"MsoNormal\" style=\"margin:0cm0cm8pt; font-size:11pt; font-family:Calibri,sans-serif; text-align:left;\" original_font_attr=\"11pt\" original_line_height_attr=\"\">COCL\u00c9.<\/p>\n<p class=\"MsoNormal\" style=\"margin:0cm0cm8pt; font-size:11pt; font-family:Calibri,sans-serif; text-align:left;\" original_font_attr=\"11pt\" original_line_height_attr=\"\">Los cuatro sujetos presuntamente<br \/>\ninvolucrados en el asalto a mano armada perpetrado el pasado lunes contra el minis\u00faper Oasis, propiedad de asi\u00e1ticos en la comunidad de Churuquita Grande de Penonom\u00e9 quedaron detenidos provisionalmente tras ser llevados ante el juez de garant\u00edas.<\/p>\n<p class=\"MsoNormal\" style=\"margin:0cm0cm8pt; font-size:11pt; font-family:Calibri,sans-serif; text-align:left;\" original_font_attr=\"11pt\" original_line_height_attr=\"\">En este caso estaban involucrados dos menores de 15 y 16 a\u00f1os que fueron sometidos a la jurisdicci\u00f3n de adolescencia y luego de ser llevados ante el juez de garant\u00edas para las audiencias de control de aprehensi\u00f3n, imputaci\u00f3n de cargos y aplicaci\u00f3n de medidas cautelar, se les orden\u00f3 su reclusi\u00f3n al centro de menores de la provincia de Herrera.<\/p>\n<p class=\"MsoNormal\" style=\"margin:0cm0cm8pt; font-size:11pt; font-family:Calibri,sans-serif; text-align:left;\" original_font_attr=\"11pt\" original_line_height_attr=\"\">Mientras que a los dos adultos Jorge Rodr\u00edguez de 18 a\u00f1os de edad y Edwin Alexis Rodr\u00edguez tambi\u00e9n de 18 a\u00f1os de edad, imputados por el delito de robo agravado, se les impuso tambi\u00e9n la medida cautelar de detenci\u00f3n provisional mientras duren as investigaciones de este caso.<\/p>\n<p><img fetchpriority=\"high\" decoding=\"async\" src=\"https:\/\/mifavorita.com.pa\/2017\/wp-content\/uploads\/2019\/10\/point-blur_oct142019_2125437950589549700745224..jpg\" class=\"wp-image-3293 alignnone size-full\" width=\"765\" height=\"1574\"><\/p>\n<p class=\"MsoNormal\" style=\"margin:0cm0cm8pt; font-size:11pt; font-family:Calibri,sans-serif; text-align:left;\" original_font_attr=\"11pt\" original_line_height_attr=\"\">Cabe recordar que estos sujetos los dos adultos y dos menores, uno de ellos incluso con uniforme escolar, entraron al local comercial, amenazaron la dependiente con un arma de fuego y con un arma blanca, se llevaron el dinero de la caja registradora, un celular Huawei y tarjetas de celular adem\u00e1s de mercanc\u00eda en general, todo qued\u00f3 grabado en video.<\/p>\n<p class=\"MsoNormal\" style=\"margin:0cm0cm8pt; font-size:11pt; font-family:Calibri,sans-serif; text-align:left;\" original_font_attr=\"11pt\" original_line_height_attr=\"\">Todos fueron capturados por la Polic\u00eda Nacional en un operativo en el que se les encontr\u00f3 las evidencias del robo.<\/p>\n","protected":false},"excerpt":{"rendered":"<p>EDILSA GONZALEZ ROCA COCL\u00c9. Los cuatro sujetos presuntamente involucrados en el asalto a mano armada perpetrado el pasado lunes contra el minis\u00faper Oasis, propiedad de asi\u00e1ticos en la comunidad de Churuquita Grande de Penonom\u00e9 quedaron detenidos provisionalmente tras ser llevados ante el juez de garant\u00edas. En este caso estaban involucrados dos menores de 15 y [&hellip;]<\/p>\n","protected":false},"author":3,"featured_media":3292,"comment_status":"open","ping_status":"open","sticky":false,"template":"","format":"standard","meta":{"footnotes":""},"categories":[1],"tags":[],"class_list":["post-3294","post","type-post","status-publish","format-standard","has-post-thumbnail","hentry","category-noticias"],"_links":{"self":[{"href":"https:\/\/mifavorita.com.pa\/2017\/wp-json\/wp\/v2\/posts\/3294","targetHints":{"allow":["GET"]}}],"collection":[{"href":"https:\/\/mifavorita.com.pa\/2017\/wp-json\/wp\/v2\/posts"}],"about":[{"href":"https:\/\/mifavorita.com.pa\/2017\/wp-json\/wp\/v2\/types\/post"}],"author":[{"embeddable":true,"href":"https:\/\/mifavorita.com.pa\/2017\/wp-json\/wp\/v2\/users\/3"}],"replies":[{"embeddable":true,"href":"https:\/\/mifavorita.com.pa\/2017\/wp-json\/wp\/v2\/comments?post=3294"}],"version-history":[{"count":1,"href":"https:\/\/mifavorita.com.pa\/2017\/wp-json\/wp\/v2\/posts\/3294\/revisions"}],"predecessor-version":[{"id":3295,"href":"https:\/\/mifavorita.com.pa\/2017\/wp-json\/wp\/v2\/posts\/3294\/revisions\/3295"}],"wp:featuredmedia":[{"embeddable":true,"href":"https:\/\/mifavorita.com.pa\/2017\/wp-json\/wp\/v2\/media\/3292"}],"wp:attachment":[{"href":"https:\/\/mifavorita.com.pa\/2017\/wp-json\/wp\/v2\/media?parent=3294"}],"wp:term":[{"taxonomy":"category","embeddable":true,"href":"https:\/\/mifavorita.com.pa\/2017\/wp-json\/wp\/v2\/categories?post=3294"},{"taxonomy":"post_tag","embeddable":true,"href":"https:\/\/mifavorita.com.pa\/2017\/wp-json\/wp\/v2\/tags?post=3294"}],"curies":[{"name":"wp","href":"https:\/\/api.w.org\/{rel}","templated":true}]}}