{"id":3313,"date":"2019-10-17T15:08:05","date_gmt":"2019-10-17T15:08:05","guid":{"rendered":"https:\/\/mifavorita.com.pa\/2017\/?p=3313"},"modified":"2019-10-17T04:09:16","modified_gmt":"2019-10-17T04:09:16","slug":"inspeccionan-construccion-de-policlinicas-paralizadas-en-penonome-y-aguadulce","status":"publish","type":"post","link":"https:\/\/mifavorita.com.pa\/2017\/inspeccionan-construccion-de-policlinicas-paralizadas-en-penonome-y-aguadulce\/","title":{"rendered":"Inspeccionan construcci\u00f3n de Policl\u00ednicas paralizadas en Penonom\u00e9 y Aguadulce."},"content":{"rendered":"<p>Con el prop\u00f3sito de ver y conocer el estatus actual en que se encuentran la construcci\u00f3n de las policl\u00ednicas de Penonom\u00e9 y Aguadulce, actualmente paralizadas, autoridades de la Caja de Seguro Social (CSS), autorizadas por el Director General, Dr. Enrique Lau Cort\u00e9s, realizaron una inspecci\u00f3n y recorrido del \u00e1rea estructural.<\/p>\n<p><img fetchpriority=\"high\" decoding=\"async\" src=\"https:\/\/mifavorita.com.pa\/2017\/wp-content\/uploads\/2019\/10\/15-octubre-2019ak-31285926355631021211..jpg\" class=\"wp-image-3309 alignnone size-full\" width=\"600\" height=\"450\"><\/p>\n<p style=\"color:rgb(0,0,0); font-family:tahoma; font-size:10.6667px; font-style:normal; font-variant-ligatures:normal; font-variant-caps:normal; font-weight:400; letter-spacing:normal; orphans:2text-indent:0px; text-transform:none; white-space:normal; widows:2; word-spacing:0px; -webkit-text-stroke-width:0px; background-color:rgb(255,255,255); text-decoration-style:initial; text-decoration-color:initial; text-align:left;\">Este recorrido fue encabezado por el Dr. Pablo Quintero Luna, asignado por el Director General, para verificar el grado de avance que contemplaba la obra al momento de ser paralizada y poder presentar un informe de ambas policl\u00ednicas Dr. Manuel Paulino Oca\u00f1a, en Penonom\u00e9 y Dr. Manuel De Jes\u00fas Rojas, en Aguadulce.<\/p>\n<p><img decoding=\"async\" src=\"https:\/\/mifavorita.com.pa\/2017\/wp-content\/uploads\/2019\/10\/15-octubre-2019ak-26619244023123988570..jpg\" class=\"wp-image-3311 alignnone size-full\" width=\"600\" height=\"450\"><\/p>\n<p style=\"color:rgb(0,0,0); font-family:tahoma; font-size:10.6667px; font-style:normal; font-variant-ligatures:normal; font-variant-caps:normal; font-weight:400; letter-spacing:normal; orphans:2text-indent:0px; text-transform:none; white-space:normal; widows:2; word-spacing:0px; -webkit-text-stroke-width:0px; background-color:rgb(255,255,255); text-decoration-style:initial; text-decoration-color:initial; text-align:left;\">Durante el recorrido estuvo presente la directora institucional y la administrativa, respectivamente, Dra. Gretna Mart\u00ednez y la Mgtr. Dania Guardia, adem\u00e1s de los ingenieros de mantenimiento de la CSS en Cocl\u00e9, Elicena Meneses y Rosendo Trejos.<\/p>\n<p><img decoding=\"async\" src=\"https:\/\/mifavorita.com.pa\/2017\/wp-content\/uploads\/2019\/10\/15-octubre-2019ak-12645861675558500140..jpg\" class=\"wp-image-3312 alignnone size-full\" width=\"600\" height=\"450\"><\/p>\n<p style=\"color:rgb(0,0,0); font-family:tahoma; font-size:10.6667px; font-style:normal; font-variant-ligatures:normal; font-variant-caps:normal; font-weight:400; letter-spacing:normal; orphans:2text-indent:0px; text-transform:none; white-space:normal; widows:2; word-spacing:0px; -webkit-text-stroke-width:0px; background-color:rgb(255,255,255); text-decoration-style:initial; text-decoration-color:initial; text-align:left;\">Luego de esta gira de trabajo, se proceder\u00e1 a la confecci\u00f3n de un informe evaluativo, que ser\u00e1 presentado al Dr. Lau Cort\u00e9s, que permitir\u00e1 tomar decisiones importantes sobre ambas construcciones, buscando el beneficio de la salud de la regi\u00f3n.<\/p>\n<p style=\"color:rgb(0,0,0); font-family:tahoma; font-size:10.6667px; font-style:normal; font-variant-ligatures:normal; font-variant-caps:normal; font-weight:400; letter-spacing:normal; orphans:2text-indent:0px; text-transform:none; white-space:normal; widows:2; word-spacing:0px; -webkit-text-stroke-width:0px; background-color:rgb(255,255,255); text-decoration-style:initial; text-decoration-color:initial; text-align:left;\">Nota y fotos: Magno A. Mendieta<\/p>\n<p>Tomado de www.css.gob.pa<\/p>\n<p style=\"color:rgb(0,0,0); font-family:tahoma; font-size:10.6667px; font-style:normal; font-variant-ligatures:normal; font-variant-caps:normal; font-weight:400; letter-spacing:normal; orphans:2text-indent:0px; text-transform:none; white-space:normal; widows:2; word-spacing:0px; -webkit-text-stroke-width:0px; background-color:rgb(255,255,255); text-decoration-style:initial; text-decoration-color:initial; text-align:left;\">\n","protected":false},"excerpt":{"rendered":"<p>Con el prop\u00f3sito de ver y conocer el estatus actual en que se encuentran la construcci\u00f3n de las policl\u00ednicas de Penonom\u00e9 y Aguadulce, actualmente paralizadas, autoridades de la Caja de Seguro Social (CSS), autorizadas por el Director General, Dr. Enrique Lau Cort\u00e9s, realizaron una inspecci\u00f3n y recorrido del \u00e1rea estructural. Este recorrido fue encabezado por [&hellip;]<\/p>\n","protected":false},"author":3,"featured_media":3308,"comment_status":"open","ping_status":"open","sticky":false,"template":"","format":"standard","meta":{"footnotes":""},"categories":[1],"tags":[],"class_list":["post-3313","post","type-post","status-publish","format-standard","has-post-thumbnail","hentry","category-noticias"],"_links":{"self":[{"href":"https:\/\/mifavorita.com.pa\/2017\/wp-json\/wp\/v2\/posts\/3313","targetHints":{"allow":["GET"]}}],"collection":[{"href":"https:\/\/mifavorita.com.pa\/2017\/wp-json\/wp\/v2\/posts"}],"about":[{"href":"https:\/\/mifavorita.com.pa\/2017\/wp-json\/wp\/v2\/types\/post"}],"author":[{"embeddable":true,"href":"https:\/\/mifavorita.com.pa\/2017\/wp-json\/wp\/v2\/users\/3"}],"replies":[{"embeddable":true,"href":"https:\/\/mifavorita.com.pa\/2017\/wp-json\/wp\/v2\/comments?post=3313"}],"version-history":[{"count":1,"href":"https:\/\/mifavorita.com.pa\/2017\/wp-json\/wp\/v2\/posts\/3313\/revisions"}],"predecessor-version":[{"id":3314,"href":"https:\/\/mifavorita.com.pa\/2017\/wp-json\/wp\/v2\/posts\/3313\/revisions\/3314"}],"wp:featuredmedia":[{"embeddable":true,"href":"https:\/\/mifavorita.com.pa\/2017\/wp-json\/wp\/v2\/media\/3308"}],"wp:attachment":[{"href":"https:\/\/mifavorita.com.pa\/2017\/wp-json\/wp\/v2\/media?parent=3313"}],"wp:term":[{"taxonomy":"category","embeddable":true,"href":"https:\/\/mifavorita.com.pa\/2017\/wp-json\/wp\/v2\/categories?post=3313"},{"taxonomy":"post_tag","embeddable":true,"href":"https:\/\/mifavorita.com.pa\/2017\/wp-json\/wp\/v2\/tags?post=3313"}],"curies":[{"name":"wp","href":"https:\/\/api.w.org\/{rel}","templated":true}]}}