{"id":3319,"date":"2019-10-18T23:16:44","date_gmt":"2019-10-18T23:16:44","guid":{"rendered":"https:\/\/mifavorita.com.pa\/2017\/?p=3319"},"modified":"2019-10-18T23:16:59","modified_gmt":"2019-10-18T23:16:59","slug":"ola-celebra-463-anos-de-fundacion","status":"publish","type":"post","link":"https:\/\/mifavorita.com.pa\/2017\/ola-celebra-463-anos-de-fundacion\/","title":{"rendered":"Ol\u00e1 celebra 463 a\u00f1os de fundaci\u00f3n"},"content":{"rendered":"<p>EDILSA GONZALEZ ROCA<\/p>\n<p class=\"MsoNormal\" style=\"margin:0cm0cm8pt; font-size:11pt; font-family:Calibri,sans-serif; text-align:left;\" original_font_attr=\"11pt\" original_line_height_attr=\"\">COCL\u00c9.<\/p>\n<p class=\"MsoNormal\" style=\"margin:0cm0cm8pt; font-size:11pt; font-family:Calibri,sans-serif; text-align:left;\" original_font_attr=\"11pt\" original_line_height_attr=\"\">Muy lucidas quedaron las actividades con motivo de la celebraci\u00f3n de los 463 a\u00f1os de fundaci\u00f3n del Distrito de Ol\u00e1 y a la vez las festividades religiosas en honor a San Lucas, se inici\u00f3 con la celebraci\u00f3n de la eucarist\u00eda del santo patrono y en acci\u00f3n de gracias, seguido de actos protocolares y desfile c\u00edvico.<\/p>\n<p><img fetchpriority=\"high\" decoding=\"async\" src=\"https:\/\/mifavorita.com.pa\/2017\/wp-content\/uploads\/2019\/10\/img_20191018_0906266593928177265366250.jpg\" class=\"wp-image-3317 alignnone size-full\" width=\"923\" height=\"526\"><\/p>\n<p class=\"MsoNormal\" style=\"margin:0cm0cm8pt; font-size:11pt; font-family:Calibri,sans-serif; text-align:left;\" original_font_attr=\"11pt\" original_line_height_attr=\"\">El pueblo de Ol\u00e1 fue fundado el 18 de octubre de 1556 bautiz\u00e1ndole con el nombre de San Lucas de Ol\u00e1 por el Gobernador<span> <\/span>de Nat\u00e1 Juan Ruiz de Monjaraz, en ceremonia oficiada por el Fray Pedro de Santa Mar\u00eda, precisamente el d\u00eda del santo Patrono.<\/p>\n<p class=\"MsoNormal\" style=\"margin:0cm0cm8pt; font-size:11pt; font-family:Calibri,sans-serif; text-align:left;\" original_font_attr=\"11pt\" original_line_height_attr=\"\">Sobre el origen del nombre de Ol\u00e1, se cuentan varias versiones, una que proviene del nombre del Cacique Ol\u00e1 que gobernaba esas tierras a la llegada de los espa\u00f1oles, tambi\u00e9n se dice que fue descrita como un paisaje de olas embravecidas reflejadas en los cerros picachos y que en lenguaje ind\u00edgena Ol\u00e1 significa abundancia de pericos.<\/p>\n<p><img decoding=\"async\" src=\"https:\/\/mifavorita.com.pa\/2017\/wp-content\/uploads\/2019\/10\/img_20191018_0906272848961026009636856.jpg\" class=\"wp-image-3318 alignnone size-full\" width=\"1280\" height=\"622\"><\/p>\n<p class=\"MsoNormal\" style=\"margin:0cm0cm8pt; font-size:11pt; font-family:Calibri,sans-serif; text-align:left;\" original_font_attr=\"11pt\" original_line_height_attr=\"\">El alcalde del distrito Eli\u00e9cer Becerra, manifest\u00f3 que Ol\u00e1 es un distrito que tiene mucho que dar sin embargo adolece de recursos para inversi\u00f3n y solo recibe del estado 30 mil d\u00f3lares mensuales, por lo que hizo el llamado al presidente de la rep\u00fablica se\u00f1al\u00e1ndole que Ol\u00e1 lo est\u00e1 esperando.<\/p>\n<p class=\"MsoNormal\" style=\"margin:0cm0cm8pt; font-size:11pt; font-family:Calibri,sans-serif; text-align:left;\" original_font_attr=\"11pt\" original_line_height_attr=\"\">Agreg\u00f3 el alcalde que lamentablemente durante la pasada administraci\u00f3n no se pudo ejecutar ni un solo centavo de las partidas de descentralizaci\u00f3n por desconocimiento y porque se hicieron proyectos de inversiones muy peque\u00f1as por lo que ahora se unificar\u00e1n para lograr beneficio para las comunidades.<\/p>\n<p class=\"MsoNormal\" style=\"margin:0cm0cm8pt; font-size:11pt; font-family:Calibri,sans-serif; text-align:left;\" original_font_attr=\"11pt\" original_line_height_attr=\"\">Por su parte Aquilino Villarreal, presidente del Concejo Municipal de Ol\u00e1, dijo que en esta administraci\u00f3n est\u00e1n trabajando en consenso para lograr que los dineros de descentralizaci\u00f3n finalmente lleguen a las comunidades con proyectos que beneficien a todos.<\/p>\n<p><img decoding=\"async\" src=\"https:\/\/mifavorita.com.pa\/2017\/wp-content\/uploads\/2019\/10\/img-20191018-wa0079512452860204854074.jpg\" class=\"alignnone size-full wp-image-3315\" width=\"576\" height=\"1024\"><\/p>\n<p class=\"MsoNormal\" style=\"margin:0cm0cm8pt; font-size:11pt; font-family:Calibri,sans-serif; text-align:left;\" original_font_attr=\"11pt\" original_line_height_attr=\"\">Las actividades de celebraci\u00f3n tambi\u00e9n incluyeron reconocimiento a los hijos meritorios del distrito, la presentaci\u00f3n y bautizo de la nueva bandera que identificar\u00e1 al distrito, desfile c\u00edvico con escuelas invitadas y presentaciones folcl\u00f3ricas.<\/p>\n","protected":false},"excerpt":{"rendered":"<p>EDILSA GONZALEZ ROCA COCL\u00c9. Muy lucidas quedaron las actividades con motivo de la celebraci\u00f3n de los 463 a\u00f1os de fundaci\u00f3n del Distrito de Ol\u00e1 y a la vez las festividades religiosas en honor a San Lucas, se inici\u00f3 con la celebraci\u00f3n de la eucarist\u00eda del santo patrono y en acci\u00f3n de gracias, seguido de actos [&hellip;]<\/p>\n","protected":false},"author":3,"featured_media":3317,"comment_status":"open","ping_status":"open","sticky":false,"template":"","format":"standard","meta":{"footnotes":""},"categories":[1],"tags":[],"class_list":["post-3319","post","type-post","status-publish","format-standard","has-post-thumbnail","hentry","category-noticias"],"_links":{"self":[{"href":"https:\/\/mifavorita.com.pa\/2017\/wp-json\/wp\/v2\/posts\/3319","targetHints":{"allow":["GET"]}}],"collection":[{"href":"https:\/\/mifavorita.com.pa\/2017\/wp-json\/wp\/v2\/posts"}],"about":[{"href":"https:\/\/mifavorita.com.pa\/2017\/wp-json\/wp\/v2\/types\/post"}],"author":[{"embeddable":true,"href":"https:\/\/mifavorita.com.pa\/2017\/wp-json\/wp\/v2\/users\/3"}],"replies":[{"embeddable":true,"href":"https:\/\/mifavorita.com.pa\/2017\/wp-json\/wp\/v2\/comments?post=3319"}],"version-history":[{"count":1,"href":"https:\/\/mifavorita.com.pa\/2017\/wp-json\/wp\/v2\/posts\/3319\/revisions"}],"predecessor-version":[{"id":3320,"href":"https:\/\/mifavorita.com.pa\/2017\/wp-json\/wp\/v2\/posts\/3319\/revisions\/3320"}],"wp:featuredmedia":[{"embeddable":true,"href":"https:\/\/mifavorita.com.pa\/2017\/wp-json\/wp\/v2\/media\/3317"}],"wp:attachment":[{"href":"https:\/\/mifavorita.com.pa\/2017\/wp-json\/wp\/v2\/media?parent=3319"}],"wp:term":[{"taxonomy":"category","embeddable":true,"href":"https:\/\/mifavorita.com.pa\/2017\/wp-json\/wp\/v2\/categories?post=3319"},{"taxonomy":"post_tag","embeddable":true,"href":"https:\/\/mifavorita.com.pa\/2017\/wp-json\/wp\/v2\/tags?post=3319"}],"curies":[{"name":"wp","href":"https:\/\/api.w.org\/{rel}","templated":true}]}}