{"id":3321,"date":"2019-10-19T23:43:52","date_gmt":"2019-10-19T23:43:52","guid":{"rendered":"https:\/\/mifavorita.com.pa\/2017\/?p=3321"},"modified":"2019-10-19T23:44:07","modified_gmt":"2019-10-19T23:44:07","slug":"la-pintada-tambien-celebra-su-aniversario-de-fundacion","status":"publish","type":"post","link":"https:\/\/mifavorita.com.pa\/2017\/la-pintada-tambien-celebra-su-aniversario-de-fundacion\/","title":{"rendered":"La Pintada tambi\u00e9n celebra su aniversario de fundaci\u00f3n"},"content":{"rendered":"<p>EDILSA GONZ\u00c1LEZ ROCA<br \/>\nCOCL\u00c9.<\/p>\n<p>Con actos protocolares, el reconocimiento a sus hijos meritorios y un lucido desfile c\u00edvico los pintade\u00f1os celebraron por partida doble, este 19 de Octubre la fiesta de su fundaci\u00f3n y el D\u00eda Nacional del Sombrero Pintado.<\/p>\n<p><img fetchpriority=\"high\" decoding=\"async\" src=\"https:\/\/mifavorita.com.pa\/2017\/wp-content\/uploads\/2019\/10\/img-20191019-wa00811836069566907369253.jpg\" class=\"wp-image-3324 alignnone size-full\" width=\"1040\" height=\"780\"><\/p>\n<p>Entre los distinguidos hijos meritorios del distrito est\u00e1n Carlos Oberto de La Pintada cabecera, Sebasti\u00e1n Mart\u00ednez de Llano Norte, Diego Camacho de Llano Grande, Feliz Arcia de El Harino, Feliciano Gonz\u00e1lez de Piedras Gordas y Ermison Ortega de El Potrero, entre otros.<\/p>\n<p><img decoding=\"async\" src=\"https:\/\/mifavorita.com.pa\/2017\/wp-content\/uploads\/2019\/10\/img-20191019-wa00853743889172433331924.jpg\" class=\"wp-image-3325 alignnone size-full\" width=\"1040\" height=\"780\"><\/p>\n<p>Adem\u00e1s se hizo reconocimiento a 13 distinguidas damas de la comunidad que han destacado que en su quehacer dom\u00e9stico, educativo y cultural. La oradora de fondo fue la periodista Castalia Pascual, qui\u00e9n hizo alusi\u00f3n a los esfuerzos de este pueblo por crecer en estos 171 a\u00f1os y de las m\u00faltiples bondades que tiene por explotar especialmente como un distrito tur\u00edstico.<\/p>\n<p><img decoding=\"async\" src=\"https:\/\/mifavorita.com.pa\/2017\/wp-content\/uploads\/2019\/10\/img-20191019-wa00847981982237560528053.jpg\" class=\"alignnone size-full wp-image-3326\" width=\"1040\" height=\"780\"><\/p>\n<p>Los habitantes del distrito tambi\u00e9n se regocijaron con la celebraci\u00f3n del D\u00eda Nacional del Sombrero Pintado que se celebra el 19 de Octubre de cada a\u00f1o seg\u00fan ley de la rep\u00fablica que reconoce a esta parte del vestido t\u00edpico como una joya artesanal y que ha sido reconocido como Patrimonio Inmaterial de la Humanidad.<\/p>\n<p><img loading=\"lazy\" decoding=\"async\" src=\"https:\/\/mifavorita.com.pa\/2017\/wp-content\/uploads\/2019\/10\/img-20191019-wa00824091023052941083202.jpg\" class=\"alignnone size-full wp-image-3327\" width=\"1040\" height=\"780\"><\/p>\n<p>Edgar D&#8217; Angelo, alcalde del distrito de La Pintada, destac\u00f3 la participaci\u00f3n de m\u00e1s de 30 delegaciones de bandas estudiantiles de todo el pa\u00eds que acudieron a celebrar con ellos sus fecha de fundaci\u00f3n.<\/p>\n<p>Indic\u00f3 que como distrito tienen muchos retos por delante y esperan con el apoyo del gobierno y el trabajo mancomunado de sus autoridades locales poder mejorar la econom\u00eda del distrito a trav\u00e9s del turismo y apertura de empresas y construcciones.<\/p>\n<p>Por su parte Luis Ernesto Carles, diputado del circuito destac\u00f3 las dos celebraciones tanto de la fundaci\u00f3n como el D\u00eda del Sombrero Pintado, se\u00f1alando que forman parte de la cultura y tradiciones del pueblo pintade\u00f1o e hizo \u00e9nfasis en la necesidad de trabajar Unidos para seguir desarrollando el distrito.<\/p>\n","protected":false},"excerpt":{"rendered":"<p>EDILSA GONZ\u00c1LEZ ROCA COCL\u00c9. Con actos protocolares, el reconocimiento a sus hijos meritorios y un lucido desfile c\u00edvico los pintade\u00f1os celebraron por partida doble, este 19 de Octubre la fiesta de su fundaci\u00f3n y el D\u00eda Nacional del Sombrero Pintado. Entre los distinguidos hijos meritorios del distrito est\u00e1n Carlos Oberto de La Pintada cabecera, Sebasti\u00e1n [&hellip;]<\/p>\n","protected":false},"author":3,"featured_media":3323,"comment_status":"open","ping_status":"open","sticky":false,"template":"","format":"standard","meta":{"footnotes":""},"categories":[1],"tags":[],"class_list":["post-3321","post","type-post","status-publish","format-standard","has-post-thumbnail","hentry","category-noticias"],"_links":{"self":[{"href":"https:\/\/mifavorita.com.pa\/2017\/wp-json\/wp\/v2\/posts\/3321","targetHints":{"allow":["GET"]}}],"collection":[{"href":"https:\/\/mifavorita.com.pa\/2017\/wp-json\/wp\/v2\/posts"}],"about":[{"href":"https:\/\/mifavorita.com.pa\/2017\/wp-json\/wp\/v2\/types\/post"}],"author":[{"embeddable":true,"href":"https:\/\/mifavorita.com.pa\/2017\/wp-json\/wp\/v2\/users\/3"}],"replies":[{"embeddable":true,"href":"https:\/\/mifavorita.com.pa\/2017\/wp-json\/wp\/v2\/comments?post=3321"}],"version-history":[{"count":2,"href":"https:\/\/mifavorita.com.pa\/2017\/wp-json\/wp\/v2\/posts\/3321\/revisions"}],"predecessor-version":[{"id":3328,"href":"https:\/\/mifavorita.com.pa\/2017\/wp-json\/wp\/v2\/posts\/3321\/revisions\/3328"}],"wp:featuredmedia":[{"embeddable":true,"href":"https:\/\/mifavorita.com.pa\/2017\/wp-json\/wp\/v2\/media\/3323"}],"wp:attachment":[{"href":"https:\/\/mifavorita.com.pa\/2017\/wp-json\/wp\/v2\/media?parent=3321"}],"wp:term":[{"taxonomy":"category","embeddable":true,"href":"https:\/\/mifavorita.com.pa\/2017\/wp-json\/wp\/v2\/categories?post=3321"},{"taxonomy":"post_tag","embeddable":true,"href":"https:\/\/mifavorita.com.pa\/2017\/wp-json\/wp\/v2\/tags?post=3321"}],"curies":[{"name":"wp","href":"https:\/\/api.w.org\/{rel}","templated":true}]}}