{"id":3338,"date":"2019-10-23T00:02:27","date_gmt":"2019-10-23T00:02:27","guid":{"rendered":"https:\/\/mifavorita.com.pa\/2017\/?p=3338"},"modified":"2019-10-23T00:02:44","modified_gmt":"2019-10-23T00:02:44","slug":"ola-ya-cuenta-con-su-bandera-representativa","status":"publish","type":"post","link":"https:\/\/mifavorita.com.pa\/2017\/ola-ya-cuenta-con-su-bandera-representativa\/","title":{"rendered":"Ol\u00e1 ya cuenta con su bandera representativa"},"content":{"rendered":"<p>LAURENT RODR\u00cdGUEZ.<br \/>\nEstudiante de Periodismo.<\/p>\n<p>El distrito de Ol\u00e1 ya cuenta con su bandera oficial, en sus 463 a\u00f1os de fundaci\u00f3n fue presentada ante la poblaci\u00f3n olae\u00f1a. El s\u00edmbolo que ahora los representa fue bautizado en una ceremonia especial, durante la celebraci\u00f3n la misa de su santo patrono San Lucas, el 18 de octubre.<\/p>\n<p><img fetchpriority=\"high\" decoding=\"async\" src=\"https:\/\/mifavorita.com.pa\/2017\/wp-content\/uploads\/2019\/10\/20191018_0927021837686677131552175.jpg\" class=\"wp-image-3336 alignnone size-full\" width=\"3000\" height=\"2250\"><\/p>\n<p>La bandera est\u00e1 compuesta de dos cuadrantes horizontales, uno verde, que representa la regi\u00f3n monta\u00f1osa y uno blanco que significa la paz y tranquilidad con que viven sus habitantes, en el extremo derecho encerrados en un c\u00edrculo los majestuosos cerros picachos, y alrededor del circulo cinco estrellas que representan a cada uno de los corregimientos y dentro de cada estrella el simbolismo de lo que m\u00e1s representa, como la producci\u00f3n de ma\u00edz en Los Picachos, de la caf\u00e9 en El Palmar y los chorros en La Pava.<\/p>\n<p><img decoding=\"async\" src=\"https:\/\/mifavorita.com.pa\/2017\/wp-content\/uploads\/2019\/10\/20191018_09270616412112066475894593.jpg\" class=\"alignnone size-full wp-image-3337\" width=\"3000\" height=\"2250\"><\/p>\n<p>El padre Aquiles S\u00e1nchez, tuvo un papel importante en la creaci\u00f3n de la bandera, ya que fue uno de los impulsadores para que se dise\u00f1ara un emblema con el que se identificara al pueblo de Ol\u00e1.<\/p>\n<p>Seg\u00fan explic\u00f3 el p\u00e1rroco, se hizo un concurso en el que participaron nueve escuelas primarias, junto a las pastorales de la iglesia y otras organizaciones y result\u00f3 como ganador el dise\u00f1o presentado por la escuela de Los Caracoles del corregimiento de El Cop\u00e9.<\/p>\n","protected":false},"excerpt":{"rendered":"<p>LAURENT RODR\u00cdGUEZ. Estudiante de Periodismo. El distrito de Ol\u00e1 ya cuenta con su bandera oficial, en sus 463 a\u00f1os de fundaci\u00f3n fue presentada ante la poblaci\u00f3n olae\u00f1a. El s\u00edmbolo que ahora los representa fue bautizado en una ceremonia especial, durante la celebraci\u00f3n la misa de su santo patrono San Lucas, el 18 de octubre. La [&hellip;]<\/p>\n","protected":false},"author":3,"featured_media":3335,"comment_status":"open","ping_status":"open","sticky":false,"template":"","format":"standard","meta":{"footnotes":""},"categories":[1],"tags":[],"class_list":["post-3338","post","type-post","status-publish","format-standard","has-post-thumbnail","hentry","category-noticias"],"_links":{"self":[{"href":"https:\/\/mifavorita.com.pa\/2017\/wp-json\/wp\/v2\/posts\/3338","targetHints":{"allow":["GET"]}}],"collection":[{"href":"https:\/\/mifavorita.com.pa\/2017\/wp-json\/wp\/v2\/posts"}],"about":[{"href":"https:\/\/mifavorita.com.pa\/2017\/wp-json\/wp\/v2\/types\/post"}],"author":[{"embeddable":true,"href":"https:\/\/mifavorita.com.pa\/2017\/wp-json\/wp\/v2\/users\/3"}],"replies":[{"embeddable":true,"href":"https:\/\/mifavorita.com.pa\/2017\/wp-json\/wp\/v2\/comments?post=3338"}],"version-history":[{"count":1,"href":"https:\/\/mifavorita.com.pa\/2017\/wp-json\/wp\/v2\/posts\/3338\/revisions"}],"predecessor-version":[{"id":3339,"href":"https:\/\/mifavorita.com.pa\/2017\/wp-json\/wp\/v2\/posts\/3338\/revisions\/3339"}],"wp:featuredmedia":[{"embeddable":true,"href":"https:\/\/mifavorita.com.pa\/2017\/wp-json\/wp\/v2\/media\/3335"}],"wp:attachment":[{"href":"https:\/\/mifavorita.com.pa\/2017\/wp-json\/wp\/v2\/media?parent=3338"}],"wp:term":[{"taxonomy":"category","embeddable":true,"href":"https:\/\/mifavorita.com.pa\/2017\/wp-json\/wp\/v2\/categories?post=3338"},{"taxonomy":"post_tag","embeddable":true,"href":"https:\/\/mifavorita.com.pa\/2017\/wp-json\/wp\/v2\/tags?post=3338"}],"curies":[{"name":"wp","href":"https:\/\/api.w.org\/{rel}","templated":true}]}}