{"id":3344,"date":"2019-10-23T19:45:17","date_gmt":"2019-10-23T19:45:17","guid":{"rendered":"https:\/\/mifavorita.com.pa\/2017\/?p=3344"},"modified":"2019-10-23T19:46:02","modified_gmt":"2019-10-23T19:46:02","slug":"continua-el-conflicto-entre-alcaldesa-y-empresario","status":"publish","type":"post","link":"https:\/\/mifavorita.com.pa\/2017\/continua-el-conflicto-entre-alcaldesa-y-empresario\/","title":{"rendered":"Contin\u00faa el conflicto entre alcaldesa y empresario"},"content":{"rendered":"<p>EDILSA GONZALEZ ROCA<\/p>\n<p class=\"MsoNormal\" style=\"color:rgb(0,0,0); font-style:normal; font-variant-ligatures:normal; font-variant-caps:normal; font-weight:400; letter-spacing:normal; orphans:2; text-indent:0px; text-transform:none; white-space:normal; widows:2; word-spacing:0px; -webkit-text-stroke-width:0px; text-decoration-style:initial; text-decoration-color:initialmargin:0cm0cm8pt; line-height:20.2444px; font-size:11pt; font-family:Calibri,sans-serif; text-align:left;\">COCL\u00c9.<\/p>\n<p class=\"MsoNormal\" style=\"color:rgb(0,0,0); font-style:normal; font-variant-ligatures:normal; font-variant-caps:normal; font-weight:400; letter-spacing:normal; orphans:2; text-indent:0px; text-transform:none; white-space:normal; widows:2; word-spacing:0px; -webkit-text-stroke-width:0px; text-decoration-style:initial; text-decoration-color:initialmargin:0cm0cm8pt; line-height:20.2444px; font-size:11pt; font-family:Calibri,sans-serif; text-align:left;\">El conflicto surgido por la falta de respuesta de la alcaldesa de Penonom\u00e9 Paula Gonz\u00e1lez, para otorgar un permiso para una actividad bailable contin\u00faa y este mi\u00e9rcoles el empresario  y su abogado presentaron una queja ante el Concejo Municipal.<\/p>\n<p><img fetchpriority=\"high\" decoding=\"async\" src=\"https:\/\/mifavorita.com.pa\/2017\/wp-content\/uploads\/2019\/10\/screenshot_20191023-143839_whatsapp8020653808501038119.jpg\" class=\"alignnone size-full wp-image-3348\" width=\"1440\" height=\"802\"><\/p>\n<p class=\"MsoNormal\" style=\"color:rgb(0,0,0); font-style:normal; font-variant-ligatures:normal; font-variant-caps:normal; font-weight:400; letter-spacing:normal; orphans:2; text-indent:0px; text-transform:none; white-space:normal; widows:2; word-spacing:0px; -webkit-text-stroke-width:0px; text-decoration-style:initial; text-decoration-color:initialmargin:0cm0cm8pt; line-height:20.2444px; font-size:11pt; font-family:Calibri,sans-serif; text-align:left;\">Reinaldo Quir\u00f3s, abogado del empresario se quej\u00f3 ante el pleno del Concejo se\u00f1alando que a su cliente se le han negado y violentado sus derechos, primero al ordenar su conducci\u00f3n sin que mediara una denuncia y despu\u00e9s neg\u00e1ndoles una respuesta al permiso sin ninguna justificaci\u00f3n.<\/p>\n<p><img decoding=\"async\" src=\"https:\/\/mifavorita.com.pa\/2017\/wp-content\/uploads\/2019\/10\/screenshot_20191023-144439_video-player794528465764636172..jpg\" class=\"alignnone size-full wp-image-3349\" width=\"1440\" height=\"777\"><\/p>\n<p class=\"MsoNormal\" style=\"color:rgb(0,0,0); font-style:normal; font-variant-ligatures:normal; font-variant-caps:normal; font-weight:400; letter-spacing:normal; orphans:2; text-indent:0px; text-transform:none; white-space:normal; widows:2; word-spacing:0px; -webkit-text-stroke-width:0px; text-decoration-style:initial; text-decoration-color:initialmargin:0cm0cm8pt; line-height:20.2444px; font-size:11pt; font-family:Calibri,sans-serif; text-align:left;\">\u201cElla no tiene en sus manos una sustentaci\u00f3n legal para negarle el permiso ya que mi representado tiene todos los requisitos, su jard\u00edn tiene sus impuesto pagos y ha cumplido con todo lo que establece el Acuerdo para otorgar este tipo de permisos\u201d, dijo el abogado.<\/p>\n<p class=\"MsoNormal\" style=\"color:rgb(0,0,0); font-style:normal; font-variant-ligatures:normal; font-variant-caps:normal; font-weight:400; letter-spacing:normal; orphans:2; text-indent:0px; text-transform:none; white-space:normal; widows:2; word-spacing:0px; -webkit-text-stroke-width:0px; text-decoration-style:initial; text-decoration-color:initialmargin:0cm0cm8pt; line-height:20.2444px; font-size:11pt; font-family:Calibri,sans-serif; text-align:left;\">Aunque la actividad deb\u00eda realizarse este 25 de octubre, el abogado dijo que seguir\u00e1n esperando una respuesta, de lo contrario eval\u00faan interponer sendas demandas por extralimitaci\u00f3n de funciones, abuso de autoridad, da\u00f1os y perjuicios e incluso una por chantaje, pues la alcaldesa ha pedido al empresario disculpas p\u00fablicas a cambio del permiso.<\/p>\n<p class=\"MsoNormal\" style=\"color:rgb(0,0,0); font-style:normal; font-variant-ligatures:normal; font-variant-caps:normal; font-weight:400; letter-spacing:normal; orphans:2; text-indent:0px; text-transform:none; white-space:normal; widows:2; word-spacing:0px; -webkit-text-stroke-width:0px; text-decoration-style:initial; text-decoration-color:initialmargin:0cm0cm8pt; line-height:20.2444px; font-size:11pt; font-family:Calibri,sans-serif; text-align:left;\">Una vez m\u00e1s, culminada la sesi\u00f3n del Concejo Municipal, acudimos ante la alcaldesa en busca de su versi\u00f3n de los hechos, pero pidi\u00f3 las preguntas por escrito a trav\u00e9s de una nota, para poder responder los cuestionamientos.<\/p>\n<p><img decoding=\"async\" src=\"https:\/\/mifavorita.com.pa\/2017\/wp-content\/uploads\/2019\/10\/screenshot_20191023-143940_whatsapp851609035426684701.jpg\" class=\"wp-image-3350 alignnone size-full\" width=\"1440\" height=\"771\"><\/p>\n<p class=\"MsoNormal\" style=\"color:rgb(0,0,0); font-style:normal; font-variant-ligatures:normal; font-variant-caps:normal; font-weight:400; letter-spacing:normal; orphans:2; text-indent:0px; text-transform:none; white-space:normal; widows:2; word-spacing:0px; -webkit-text-stroke-width:0px; text-decoration-style:initial; text-decoration-color:initialmargin:0cm0cm8pt; line-height:20.2444px; font-size:11pt; font-family:Calibri,sans-serif; text-align:left;\">Durante la sesi\u00f3n dijo al pleno que ning\u00fan permiso se ha negado y que est\u00e1 evaluando si se da o no el permiso porque este jard\u00edn tiene muchas quejas ciudadanas e insisti\u00f3 en que ella no mando a detener al empresario la semana pasada.<\/p>\n","protected":false},"excerpt":{"rendered":"<p>EDILSA GONZALEZ ROCA COCL\u00c9. El conflicto surgido por la falta de respuesta de la alcaldesa de Penonom\u00e9 Paula Gonz\u00e1lez, para otorgar un permiso para una actividad bailable contin\u00faa y este mi\u00e9rcoles el empresario y su abogado presentaron una queja ante el Concejo Municipal. Reinaldo Quir\u00f3s, abogado del empresario se quej\u00f3 ante el pleno del Concejo [&hellip;]<\/p>\n","protected":false},"author":3,"featured_media":3347,"comment_status":"open","ping_status":"open","sticky":false,"template":"","format":"standard","meta":{"footnotes":""},"categories":[1],"tags":[],"class_list":["post-3344","post","type-post","status-publish","format-standard","has-post-thumbnail","hentry","category-noticias"],"_links":{"self":[{"href":"https:\/\/mifavorita.com.pa\/2017\/wp-json\/wp\/v2\/posts\/3344","targetHints":{"allow":["GET"]}}],"collection":[{"href":"https:\/\/mifavorita.com.pa\/2017\/wp-json\/wp\/v2\/posts"}],"about":[{"href":"https:\/\/mifavorita.com.pa\/2017\/wp-json\/wp\/v2\/types\/post"}],"author":[{"embeddable":true,"href":"https:\/\/mifavorita.com.pa\/2017\/wp-json\/wp\/v2\/users\/3"}],"replies":[{"embeddable":true,"href":"https:\/\/mifavorita.com.pa\/2017\/wp-json\/wp\/v2\/comments?post=3344"}],"version-history":[{"count":2,"href":"https:\/\/mifavorita.com.pa\/2017\/wp-json\/wp\/v2\/posts\/3344\/revisions"}],"predecessor-version":[{"id":3351,"href":"https:\/\/mifavorita.com.pa\/2017\/wp-json\/wp\/v2\/posts\/3344\/revisions\/3351"}],"wp:featuredmedia":[{"embeddable":true,"href":"https:\/\/mifavorita.com.pa\/2017\/wp-json\/wp\/v2\/media\/3347"}],"wp:attachment":[{"href":"https:\/\/mifavorita.com.pa\/2017\/wp-json\/wp\/v2\/media?parent=3344"}],"wp:term":[{"taxonomy":"category","embeddable":true,"href":"https:\/\/mifavorita.com.pa\/2017\/wp-json\/wp\/v2\/categories?post=3344"},{"taxonomy":"post_tag","embeddable":true,"href":"https:\/\/mifavorita.com.pa\/2017\/wp-json\/wp\/v2\/tags?post=3344"}],"curies":[{"name":"wp","href":"https:\/\/api.w.org\/{rel}","templated":true}]}}