{"id":3358,"date":"2019-10-24T12:00:08","date_gmt":"2019-10-24T12:00:08","guid":{"rendered":"https:\/\/mifavorita.com.pa\/2017\/?p=3358"},"modified":"2019-10-24T12:00:40","modified_gmt":"2019-10-24T12:00:40","slug":"exitoso-cierre-de-campana-de-lucha-contra-el-cancer-en-penonome","status":"publish","type":"post","link":"https:\/\/mifavorita.com.pa\/2017\/exitoso-cierre-de-campana-de-lucha-contra-el-cancer-en-penonome\/","title":{"rendered":"Exitoso cierre de campa\u00f1a de lucha contra el c\u00e1ncer en Penonom\u00e9."},"content":{"rendered":"<p>LAURENT RODRIGUEZ<\/p>\n<p>ESTUDIANTE DE PERIODISMO.<\/p>\n<p>Con una feria de la salud preventiva y una caminata de diversas instituciones, as\u00ed conmemor\u00f3 el cierre de campa\u00f1a nacional que se realiz\u00f3 en la ciudad de Penonom\u00e9, organizada por el Ministerio de Salud y Gobierno Nacional con el lema \u201cUniendo Fuerzas Contra el C\u00e1ncer\u201d.<\/p>\n<p><img fetchpriority=\"high\" decoding=\"async\" src=\"https:\/\/mifavorita.com.pa\/2017\/wp-content\/uploads\/2019\/10\/fb_img_1571918087057497327535169029905.jpg\" class=\"wp-image-3353 alignnone size-full\" width=\"2048\" height=\"1536\"><\/p>\n<p>A la actividad asisti\u00f3 la ministra de Salud Rosario Turner, quien mando un mensaje a la poblaci\u00f3n para que tengan ese autocuidado, que se auto examinen y se hagan sus respectivos ex\u00e1menes de mama y pr\u00f3stata en las cl\u00ednicas ya que es una enfermedad que puede ser prevenida y controlada.<\/p>\n<p><img decoding=\"async\" src=\"https:\/\/mifavorita.com.pa\/2017\/wp-content\/uploads\/2019\/10\/img_20191024_0659304970011926643802216.jpg\" class=\"wp-image-3356 alignnone size-full\" width=\"1280\" height=\"910\"><\/p>\n<p>Las campa\u00f1as de prevenci\u00f3n no son solo durante el mes de octubre, ya que el Ministerio de Salud se mantiene durante todo el a\u00f1o en esta lucha y en cada centro de Salud se realizan estos ex\u00e1menes para que la poblaci\u00f3n tenga su prevenci\u00f3n.<\/p>\n<p>En el marco de la conmemoraci\u00f3n de esta campa\u00f1a la gobernaci\u00f3n de Cocl\u00e9 se les realiz\u00f3 un agasajo a mujeres que han luchado contra esta enfermedad y que hoy son sobrevivientes del c\u00e1ncer y se dio el anuncio de la compra de veinte mamografos.<\/p>\n<p>La feria cont\u00f3 con atenci\u00f3n a todas las personas que quer\u00edan realizarse toma de presi\u00f3n, control de peso y vacunaci\u00f3n entre otras atenciones m\u00e9dicas, en esta actividad tambi\u00e9n participaron otras instituciones p\u00fablicas, universidades y escuelas que recorrieron tambi\u00e9n las principales calles penonome\u00f1as.<\/p>\n<p><img decoding=\"async\" src=\"https:\/\/mifavorita.com.pa\/2017\/wp-content\/uploads\/2019\/10\/fb_img_1571918087057642818352913132656.jpg\" class=\"wp-image-3357 alignnone size-full\" width=\"2048\" height=\"1536\"><\/p>\n<p>Las cifras de las muertes por c\u00e1ncer de mama y pr\u00f3statas son bastantes alarmante, ya que est\u00e1n entre las principales causas de mortalidad en Panam\u00e1 en lo que abarca a tumores malignos, alrededor de doscientas veinte mujeres fallecen por a\u00f1o a causa del c\u00e1ncer de mama.<\/p>\n","protected":false},"excerpt":{"rendered":"<p>LAURENT RODRIGUEZ ESTUDIANTE DE PERIODISMO. Con una feria de la salud preventiva y una caminata de diversas instituciones, as\u00ed conmemor\u00f3 el cierre de campa\u00f1a nacional que se realiz\u00f3 en la ciudad de Penonom\u00e9, organizada por el Ministerio de Salud y Gobierno Nacional con el lema \u201cUniendo Fuerzas Contra el C\u00e1ncer\u201d. A la actividad asisti\u00f3 la [&hellip;]<\/p>\n","protected":false},"author":3,"featured_media":3355,"comment_status":"open","ping_status":"open","sticky":false,"template":"","format":"standard","meta":{"footnotes":""},"categories":[1],"tags":[],"class_list":["post-3358","post","type-post","status-publish","format-standard","has-post-thumbnail","hentry","category-noticias"],"_links":{"self":[{"href":"https:\/\/mifavorita.com.pa\/2017\/wp-json\/wp\/v2\/posts\/3358","targetHints":{"allow":["GET"]}}],"collection":[{"href":"https:\/\/mifavorita.com.pa\/2017\/wp-json\/wp\/v2\/posts"}],"about":[{"href":"https:\/\/mifavorita.com.pa\/2017\/wp-json\/wp\/v2\/types\/post"}],"author":[{"embeddable":true,"href":"https:\/\/mifavorita.com.pa\/2017\/wp-json\/wp\/v2\/users\/3"}],"replies":[{"embeddable":true,"href":"https:\/\/mifavorita.com.pa\/2017\/wp-json\/wp\/v2\/comments?post=3358"}],"version-history":[{"count":1,"href":"https:\/\/mifavorita.com.pa\/2017\/wp-json\/wp\/v2\/posts\/3358\/revisions"}],"predecessor-version":[{"id":3359,"href":"https:\/\/mifavorita.com.pa\/2017\/wp-json\/wp\/v2\/posts\/3358\/revisions\/3359"}],"wp:featuredmedia":[{"embeddable":true,"href":"https:\/\/mifavorita.com.pa\/2017\/wp-json\/wp\/v2\/media\/3355"}],"wp:attachment":[{"href":"https:\/\/mifavorita.com.pa\/2017\/wp-json\/wp\/v2\/media?parent=3358"}],"wp:term":[{"taxonomy":"category","embeddable":true,"href":"https:\/\/mifavorita.com.pa\/2017\/wp-json\/wp\/v2\/categories?post=3358"},{"taxonomy":"post_tag","embeddable":true,"href":"https:\/\/mifavorita.com.pa\/2017\/wp-json\/wp\/v2\/tags?post=3358"}],"curies":[{"name":"wp","href":"https:\/\/api.w.org\/{rel}","templated":true}]}}