{"id":3365,"date":"2019-10-26T01:29:04","date_gmt":"2019-10-26T01:29:04","guid":{"rendered":"https:\/\/mifavorita.com.pa\/2017\/?p=3365"},"modified":"2019-10-26T01:29:23","modified_gmt":"2019-10-26T01:29:23","slug":"rio-hato-realizo-su-cierre-de-campana-contra-el-cancer","status":"publish","type":"post","link":"https:\/\/mifavorita.com.pa\/2017\/rio-hato-realizo-su-cierre-de-campana-contra-el-cancer\/","title":{"rendered":"R\u00edo Hato realiz\u00f3 su cierre de Campa\u00f1a contra el c\u00e1ncer \u00a0"},"content":{"rendered":"<p><span style=\"font-size:12pt;\" original_font_attr=\"12pt\" original_line_height_attr=\"\">LAURENT RODRIGUEZ<\/span><\/p>\n<p class=\"MsoNormal\" style=\"margin:0cm0cm0.0001ptfont-size:11pt; font-family:Calibri,sans-serif; text-align:left;\"><span style=\"font-size:12pt;\" original_font_attr=\"12pt\" original_line_height_attr=\"\">COCL\u00c9.<\/span><\/p>\n<p class=\"MsoNormal\" style=\"margin:0cm0cm0.0001ptfont-size:11pt; font-family:Calibri,sans-serif; text-align:left;\"><span style=\"font-size:12pt;\" original_font_attr=\"12pt\" original_line_height_attr=\"\">Con una caminata vestidos de rosa y azul, pacientes, sobrevivientes de c\u00e1ncer, residentes de R\u00edo Hato y miembros del Centro de Salud, cerraron el mes de la prevenci\u00f3n del c\u00e1ncer de mama y pr\u00f3stata con el lema \u201cUniendo fuerzas contra el c\u00e1ncer\u201d. <\/span><\/p>\n<p><img fetchpriority=\"high\" decoding=\"async\" src=\"https:\/\/mifavorita.com.pa\/2017\/wp-content\/uploads\/2019\/10\/img-20191025-wa00354497709914060175225.jpg\" class=\"wp-image-3361 alignnone size-full\" width=\"1152\" height=\"864\"><\/p>\n<p class=\"MsoNormal\" style=\"margin:0cm0cm0.0001ptfont-size:11pt; font-family:Calibri,sans-serif; text-align:left;\"><span style=\"font-size:12pt\"><span> <\/span><\/span><span style=\"font-size:12pt;\" original_font_attr=\"12pt\" original_line_height_attr=\"\">Ana Isabel Ortega, directora del Centro de Salud de R\u00edo Hato, inform\u00f3 que las actividades realizadas durante  este mes  fueron exitosas, ya que cont\u00f3 con una buena  asistencia de la poblaci\u00f3n.<\/span><\/p>\n<p><img decoding=\"async\" src=\"https:\/\/mifavorita.com.pa\/2017\/wp-content\/uploads\/2019\/10\/img-20191025-wa00311941409204051885958.jpg\" class=\"wp-image-3362 alignnone size-full\" width=\"1152\" height=\"864\"><\/p>\n<p class=\"MsoNormal\" style=\"margin:0cm0cm0.0001ptfont-size:11pt; font-family:Calibri,sans-serif; text-align:left;\"><span style=\"font-size:12pt;\" original_font_attr=\"12pt\" original_line_height_attr=\"\">El 4 de octubre se inici\u00f3 la campa\u00f1a donde se dieron charlas de <span> <\/span>temas relacionados al c\u00e1ncer de mama y pr\u00f3stata, durante los d\u00edas de este mes tambi\u00e9n se realizaron Papanicolaou, tactos rectales, ex\u00e1menes de mama, se entregaron certificaciones a las mujeres para que se realizaran mamograf\u00edas y los hombres para que se realizaran ex\u00e1menes del PSA.<\/span><\/p>\n<p><img decoding=\"async\" src=\"https:\/\/mifavorita.com.pa\/2017\/wp-content\/uploads\/2019\/10\/img-20191025-wa00374057858744045242800.jpg\" class=\"wp-image-3363 alignnone size-full\" width=\"1152\" height=\"864\"><\/p>\n<p class=\"MsoNormal\" style=\"margin:0cm0cm0.0001ptfont-size:11pt; font-family:Calibri,sans-serif; text-align:left;\"><span style=\"font-size:12pt;\" original_font_attr=\"12pt\" original_line_height_attr=\"\">Esta actividad tambi\u00e9n cont\u00f3 con la participaci\u00f3n del Instituto Profesional y T\u00e9cnico de R\u00edo Hato y la escuela primaria Angelina Maylin De Tirones y miembros de iglesia, entre otras entidades de este corregimiento, donde con pancartas enviaron su mensaje para tomar conciencia. <\/span><\/p>\n<p><img loading=\"lazy\" decoding=\"async\" src=\"https:\/\/mifavorita.com.pa\/2017\/wp-content\/uploads\/2019\/10\/img-20191025-wa00343829137625173944829.jpg\" class=\"wp-image-3364 alignnone size-full\" width=\"1152\" height=\"864\"><\/p>\n<p class=\"MsoNormal\" style=\"margin:0cm0cm0.0001ptfont-size:11pt; font-family:Calibri,sans-serif; text-align:left;\">L<span style=\"font-size:12pt;\" original_font_attr=\"12pt\" original_line_height_attr=\"\">a doctora Ortega reiter\u00f3 a la poblaci\u00f3n la necesidad que sigan realiz\u00e1ndose sus ex\u00e1menes, y que no sea solamente en el mes de octubre, ya que la cifras de esta enfermedad siguen en aumento por lo tanto es necesario que se tengan controles<\/span><\/p>\n","protected":false},"excerpt":{"rendered":"<p>LAURENT RODRIGUEZ COCL\u00c9. Con una caminata vestidos de rosa y azul, pacientes, sobrevivientes de c\u00e1ncer, residentes de R\u00edo Hato y miembros del Centro de Salud, cerraron el mes de la prevenci\u00f3n del c\u00e1ncer de mama y pr\u00f3stata con el lema \u201cUniendo fuerzas contra el c\u00e1ncer\u201d. Ana Isabel Ortega, directora del Centro de Salud de R\u00edo [&hellip;]<\/p>\n","protected":false},"author":3,"featured_media":3360,"comment_status":"open","ping_status":"open","sticky":false,"template":"","format":"standard","meta":{"footnotes":""},"categories":[1],"tags":[],"class_list":["post-3365","post","type-post","status-publish","format-standard","has-post-thumbnail","hentry","category-noticias"],"_links":{"self":[{"href":"https:\/\/mifavorita.com.pa\/2017\/wp-json\/wp\/v2\/posts\/3365","targetHints":{"allow":["GET"]}}],"collection":[{"href":"https:\/\/mifavorita.com.pa\/2017\/wp-json\/wp\/v2\/posts"}],"about":[{"href":"https:\/\/mifavorita.com.pa\/2017\/wp-json\/wp\/v2\/types\/post"}],"author":[{"embeddable":true,"href":"https:\/\/mifavorita.com.pa\/2017\/wp-json\/wp\/v2\/users\/3"}],"replies":[{"embeddable":true,"href":"https:\/\/mifavorita.com.pa\/2017\/wp-json\/wp\/v2\/comments?post=3365"}],"version-history":[{"count":1,"href":"https:\/\/mifavorita.com.pa\/2017\/wp-json\/wp\/v2\/posts\/3365\/revisions"}],"predecessor-version":[{"id":3366,"href":"https:\/\/mifavorita.com.pa\/2017\/wp-json\/wp\/v2\/posts\/3365\/revisions\/3366"}],"wp:featuredmedia":[{"embeddable":true,"href":"https:\/\/mifavorita.com.pa\/2017\/wp-json\/wp\/v2\/media\/3360"}],"wp:attachment":[{"href":"https:\/\/mifavorita.com.pa\/2017\/wp-json\/wp\/v2\/media?parent=3365"}],"wp:term":[{"taxonomy":"category","embeddable":true,"href":"https:\/\/mifavorita.com.pa\/2017\/wp-json\/wp\/v2\/categories?post=3365"},{"taxonomy":"post_tag","embeddable":true,"href":"https:\/\/mifavorita.com.pa\/2017\/wp-json\/wp\/v2\/tags?post=3365"}],"curies":[{"name":"wp","href":"https:\/\/api.w.org\/{rel}","templated":true}]}}