{"id":3372,"date":"2019-10-26T01:35:23","date_gmt":"2019-10-26T01:35:23","guid":{"rendered":"https:\/\/mifavorita.com.pa\/2017\/?p=3372"},"modified":"2019-10-26T01:35:54","modified_gmt":"2019-10-26T01:35:54","slug":"estudiantes-de-telebasica-muestran-sus-habilidades-en-feria","status":"publish","type":"post","link":"https:\/\/mifavorita.com.pa\/2017\/estudiantes-de-telebasica-muestran-sus-habilidades-en-feria\/","title":{"rendered":"Estudiantes de Teleb\u00e1sica muestran sus habilidades en feria"},"content":{"rendered":"<p>EDILSA GONZALEZ ROCA<\/p>\n<p class=\"MsoNormal\" style=\"margin:0cm0cm8pt; font-size:11pt; font-family:Calibri,sans-serif; text-align:left;\" original_font_attr=\"11pt\" original_line_height_attr=\"\">COCL\u00c9.<\/p>\n<p class=\"MsoNormal\" style=\"margin:0cm0cm8pt; font-size:11pt; font-family:Calibri,sans-serif; text-align:left;\" original_font_attr=\"11pt\" original_line_height_attr=\"\">Estudiantes de unas 30 escuelas tele b\u00e1sicas de la provincia de Cocl\u00e9 mostraron el resultado de un a\u00f1o de<br \/>\npreparaci\u00f3n acad\u00e9mica a trav\u00e9s de una feria <span> <\/span>que reuni\u00f3 a los centros educativos ubicados en las \u00e1reas de dif\u00edcil acceso de esta regi\u00f3n del pa\u00eds.<\/p>\n<p><img fetchpriority=\"high\" decoding=\"async\" src=\"https:\/\/mifavorita.com.pa\/2017\/wp-content\/uploads\/2019\/10\/img-20191025-wa01955440258117447630496.jpg\" class=\"wp-image-3368 alignnone size-full\" width=\"1280\" height=\"853\"><\/p>\n<p class=\"MsoNormal\" style=\"margin:0cm0cm8pt; font-size:11pt; font-family:Calibri,sans-serif; text-align:left;\" original_font_attr=\"11pt\" original_line_height_attr=\"\">Con el lema \u201cEducar para Vivir Mejor\u201d, los docentes, padres de familia y estudiantes mostraron sus habilidades, educativas, art\u00edsticas, cient\u00edficas y productivas con un sinn\u00famero de exposiciones que fueron del agrado de los asistentes al Parque 8 de Diciembre de Penonom\u00e9, en donde se llev\u00f3 a cabo la feria estudiantil.<\/p>\n<p><img decoding=\"async\" src=\"https:\/\/mifavorita.com.pa\/2017\/wp-content\/uploads\/2019\/10\/img-20191025-wa01932572041768069518892.jpg\" class=\"wp-image-3369 alignnone size-full\" width=\"1280\" height=\"853\"><\/p>\n<p class=\"MsoNormal\" style=\"margin:0cm0cm8pt; font-size:11pt; font-family:Calibri,sans-serif; text-align:left;\" original_font_attr=\"11pt\" original_line_height_attr=\"\">V\u00edctor Rodr\u00edguez, padre de familia de la Teleb\u00e1sica de La Palma de R\u00edo Indio, manifest\u00f3 su satisfacci\u00f3n por la realizaci\u00f3n de esta feria, pues nunca hab\u00eda participado en un evento similar y fue bueno para compartir con otras escuelas y darles a la oportunidad a los estudiantes de aprender experiencias diferentes a lo que a diario viven.<\/p>\n<p><img decoding=\"async\" src=\"https:\/\/mifavorita.com.pa\/2017\/wp-content\/uploads\/2019\/10\/img-20191025-wa01923777024315870098603.jpg\" class=\"wp-image-3370 alignnone size-full\" width=\"1280\" height=\"853\"><\/p>\n<p class=\"MsoNormal\" style=\"margin:0cm0cm8pt; font-size:11pt; font-family:Calibri,sans-serif; text-align:left;\" original_font_attr=\"11pt\" original_line_height_attr=\"\">Gisela Mor\u00e1n, estudiante de la Escuela Sim\u00f3n Mart\u00ednez P\u00e9rez de Sofre, se\u00f1al\u00f3 que le gust\u00f3 mucho la experiencia pues conocen gente nueva, y a la vez muestras sus costumbres y tradiciones, adem\u00e1s de lo que han aprendido durante el a\u00f1o.<\/p>\n<p><img loading=\"lazy\" decoding=\"async\" src=\"https:\/\/mifavorita.com.pa\/2017\/wp-content\/uploads\/2019\/10\/img-20191025-wa01866029012067144956303.jpg\" class=\"wp-image-3371 alignnone size-full\" width=\"1280\" height=\"853\"><\/p>\n<p class=\"MsoNormal\" style=\"margin:0cm0cm8pt; font-size:11pt; font-family:Calibri,sans-serif; text-align:left;\" original_font_attr=\"11pt\" original_line_height_attr=\"\">La profesora Melida Oses, de la Escuela de El Potrero, dijo que es bueno para los estudiantes de mostrar sus proyectos cient\u00edficos, pues la escuelas tele b\u00e1sicas tienen como innovaci\u00f3n ver materias como f\u00edsica, qu\u00edmica y biolog\u00eda, teniendo as\u00ed la oportunidad de expresarse y perder el miedo a hablar y contar lo que hacen.<\/p>\n","protected":false},"excerpt":{"rendered":"<p>EDILSA GONZALEZ ROCA COCL\u00c9. Estudiantes de unas 30 escuelas tele b\u00e1sicas de la provincia de Cocl\u00e9 mostraron el resultado de un a\u00f1o de preparaci\u00f3n acad\u00e9mica a trav\u00e9s de una feria que reuni\u00f3 a los centros educativos ubicados en las \u00e1reas de dif\u00edcil acceso de esta regi\u00f3n del pa\u00eds. Con el lema \u201cEducar para Vivir Mejor\u201d, [&hellip;]<\/p>\n","protected":false},"author":3,"featured_media":3367,"comment_status":"open","ping_status":"open","sticky":false,"template":"","format":"standard","meta":{"footnotes":""},"categories":[1],"tags":[],"class_list":["post-3372","post","type-post","status-publish","format-standard","has-post-thumbnail","hentry","category-noticias"],"_links":{"self":[{"href":"https:\/\/mifavorita.com.pa\/2017\/wp-json\/wp\/v2\/posts\/3372","targetHints":{"allow":["GET"]}}],"collection":[{"href":"https:\/\/mifavorita.com.pa\/2017\/wp-json\/wp\/v2\/posts"}],"about":[{"href":"https:\/\/mifavorita.com.pa\/2017\/wp-json\/wp\/v2\/types\/post"}],"author":[{"embeddable":true,"href":"https:\/\/mifavorita.com.pa\/2017\/wp-json\/wp\/v2\/users\/3"}],"replies":[{"embeddable":true,"href":"https:\/\/mifavorita.com.pa\/2017\/wp-json\/wp\/v2\/comments?post=3372"}],"version-history":[{"count":1,"href":"https:\/\/mifavorita.com.pa\/2017\/wp-json\/wp\/v2\/posts\/3372\/revisions"}],"predecessor-version":[{"id":3373,"href":"https:\/\/mifavorita.com.pa\/2017\/wp-json\/wp\/v2\/posts\/3372\/revisions\/3373"}],"wp:featuredmedia":[{"embeddable":true,"href":"https:\/\/mifavorita.com.pa\/2017\/wp-json\/wp\/v2\/media\/3367"}],"wp:attachment":[{"href":"https:\/\/mifavorita.com.pa\/2017\/wp-json\/wp\/v2\/media?parent=3372"}],"wp:term":[{"taxonomy":"category","embeddable":true,"href":"https:\/\/mifavorita.com.pa\/2017\/wp-json\/wp\/v2\/categories?post=3372"},{"taxonomy":"post_tag","embeddable":true,"href":"https:\/\/mifavorita.com.pa\/2017\/wp-json\/wp\/v2\/tags?post=3372"}],"curies":[{"name":"wp","href":"https:\/\/api.w.org\/{rel}","templated":true}]}}