{"id":3377,"date":"2019-10-30T03:45:02","date_gmt":"2019-10-30T03:45:02","guid":{"rendered":"https:\/\/mifavorita.com.pa\/2017\/?p=3377"},"modified":"2019-10-30T03:47:39","modified_gmt":"2019-10-30T03:47:39","slug":"lanzan-campana-autenticos","status":"publish","type":"post","link":"https:\/\/mifavorita.com.pa\/2017\/lanzan-campana-autenticos\/","title":{"rendered":"Lanzan Campa\u00f1a \u201cAut\u00e9nticos\u201d"},"content":{"rendered":"<p><span style=\"font-size:12pt;\" original_font_attr=\"12pt\" original_line_height_attr=\"\">LAURENT RODR\u00cdGUEZ<\/span><\/p>\n<p class=\"MsoNormal\" style=\"margin:0cm0cm0.0001ptfont-size:11pt; font-family:Calibri,sans-serif; text-align:left;\"><span style=\"font-size:12pt;\" original_font_attr=\"12pt\" original_line_height_attr=\"\">Estudiante de periodismo.<\/span><\/p>\n<p class=\"MsoNormal\" style=\"margin:0cm0cm0.0001ptfont-size:11pt; font-family:Calibri,sans-serif; text-align:left;\"><span style=\"font-size:12pt;\" original_font_attr=\"12pt\" original_line_height_attr=\"\">La Secretaria Nacional de Discapacidad (Senadis), inici\u00f3 la campa\u00f1a <b original_font_attr=\"-1\" original_line_height_attr=\"\" style=\"\">\u201cAut\u00e9nticos\u201d<\/b>, que trata de resaltar las cualidades y virtudes de las personas con discapacidad.<\/span><\/p>\n<p><img fetchpriority=\"high\" decoding=\"async\" src=\"https:\/\/mifavorita.com.pa\/2017\/wp-content\/uploads\/2019\/10\/img-20191028-wa00254191212812208654800.jpg\" class=\"wp-image-3376 alignnone size-full\" width=\"717\" height=\"1280\"><\/p>\n<p class=\"MsoNormal\" style=\"margin:0cm0cm0.0001ptfont-size:11pt; font-family:Calibri,sans-serif; text-align:left;\"><span style=\"font-size:12pt;\" original_font_attr=\"12pt\" original_line_height_attr=\"\"><br \/>\nEl director de la Secretaria Nacional de la Discapacidad en Cocl\u00e9 Heriberto Garc\u00eda, dijo que hay mucho que destacar y mucho que cambiar en relaci\u00f3n a este tema, y la provincia coclesana tiene que formar parte de esto.<\/span><\/p>\n<p><span style=\"font-size:12pt;\" original_font_attr=\"12pt\" original_line_height_attr=\"\">Garc\u00eda agreg\u00f3, \u00abLas personas con discapacidad no se limitan, muchas de ellas tienen mucho talento, hay ingenieros, arquitectos, abogados y deportistas destacados, ellos quieren demostrar que su discapacidad no los detiene y que han salido adelante\u00bb.<\/span><span style=\"font-size:12pt;\" original_font_attr=\"12pt\" original_line_height_attr=\"\">Seg\u00fan el funcionario la campa\u00f1a busca lograr que desaparezca la miop\u00eda social, que las personas dejen de hacerse de la vista gorda y que ayuden a las personas con discapacidad, siendo m\u00e1s inclusivos en las \u00e1reas laborales.<\/span><span style=\"font-size:12pt;\" original_font_attr=\"12pt\" original_line_height_attr=\"\">Agreg\u00f3 que en Cocl\u00e9 ya se han adelantado conversaciones con diferentes instituciones para trabajar y luchar contra la falta de oportunidades y atenci\u00f3n a las personas con discapacidad como por ejemplo con Ministerio de Salud.<\/span><\/p>\n<p class=\"MsoNormal\" style=\"margin:0cm0cm0.0001ptfont-size:11pt; font-family:Calibri,sans-serif; text-align:left;\"><span style=\"font-size:12pt\"><\/span><span style=\"font-size:12pt;\" original_font_attr=\"12pt\" original_line_height_attr=\"\">El prop\u00f3sito de esta campa\u00f1a, es cambiar el pensamiento de los ciudadanos de como miran a las personas con discapacidad, que puedan ayudarlos para incluirlos en la sociedad, ya que a pesar de sus dificultades no se rinden y no dejan de demostrar su talento.<\/span><\/p>\n<p><img decoding=\"async\" src=\"https:\/\/mifavorita.com.pa\/2017\/wp-content\/uploads\/2019\/10\/img-20191028-wa00284650129078267751097.jpg\" class=\"wp-image-3374 alignnone size-full\" width=\"717\" height=\"1280\"><\/p>\n<p>La campa\u00f1a ya inici\u00f3 en las redes sociales y desde la ciudad capital hac\u00eda el interior se estar\u00e1n mostrando mensajes con el logo Aut\u00e9nticos en  vallas y paradas.<\/p>\n","protected":false},"excerpt":{"rendered":"<p>LAURENT RODR\u00cdGUEZ Estudiante de periodismo. La Secretaria Nacional de Discapacidad (Senadis), inici\u00f3 la campa\u00f1a \u201cAut\u00e9nticos\u201d, que trata de resaltar las cualidades y virtudes de las personas con discapacidad. El director de la Secretaria Nacional de la Discapacidad en Cocl\u00e9 Heriberto Garc\u00eda, dijo que hay mucho que destacar y mucho que cambiar en relaci\u00f3n a este [&hellip;]<\/p>\n","protected":false},"author":3,"featured_media":3375,"comment_status":"open","ping_status":"open","sticky":false,"template":"","format":"standard","meta":{"footnotes":""},"categories":[1],"tags":[],"class_list":["post-3377","post","type-post","status-publish","format-standard","has-post-thumbnail","hentry","category-noticias"],"_links":{"self":[{"href":"https:\/\/mifavorita.com.pa\/2017\/wp-json\/wp\/v2\/posts\/3377","targetHints":{"allow":["GET"]}}],"collection":[{"href":"https:\/\/mifavorita.com.pa\/2017\/wp-json\/wp\/v2\/posts"}],"about":[{"href":"https:\/\/mifavorita.com.pa\/2017\/wp-json\/wp\/v2\/types\/post"}],"author":[{"embeddable":true,"href":"https:\/\/mifavorita.com.pa\/2017\/wp-json\/wp\/v2\/users\/3"}],"replies":[{"embeddable":true,"href":"https:\/\/mifavorita.com.pa\/2017\/wp-json\/wp\/v2\/comments?post=3377"}],"version-history":[{"count":1,"href":"https:\/\/mifavorita.com.pa\/2017\/wp-json\/wp\/v2\/posts\/3377\/revisions"}],"predecessor-version":[{"id":3378,"href":"https:\/\/mifavorita.com.pa\/2017\/wp-json\/wp\/v2\/posts\/3377\/revisions\/3378"}],"wp:featuredmedia":[{"embeddable":true,"href":"https:\/\/mifavorita.com.pa\/2017\/wp-json\/wp\/v2\/media\/3375"}],"wp:attachment":[{"href":"https:\/\/mifavorita.com.pa\/2017\/wp-json\/wp\/v2\/media?parent=3377"}],"wp:term":[{"taxonomy":"category","embeddable":true,"href":"https:\/\/mifavorita.com.pa\/2017\/wp-json\/wp\/v2\/categories?post=3377"},{"taxonomy":"post_tag","embeddable":true,"href":"https:\/\/mifavorita.com.pa\/2017\/wp-json\/wp\/v2\/tags?post=3377"}],"curies":[{"name":"wp","href":"https:\/\/api.w.org\/{rel}","templated":true}]}}