{"id":3379,"date":"2019-10-30T03:52:45","date_gmt":"2019-10-30T03:52:45","guid":{"rendered":"https:\/\/mifavorita.com.pa\/2017\/?p=3379"},"modified":"2019-10-30T03:53:19","modified_gmt":"2019-10-30T03:53:19","slug":"miviot-ordena-la-casa","status":"publish","type":"post","link":"https:\/\/mifavorita.com.pa\/2017\/miviot-ordena-la-casa\/","title":{"rendered":"MIVIOT ordena la casa"},"content":{"rendered":"<p class=\"MsoNormal\" style=\"margin:0cm0cm8pt; font-size:11pt; font-family:Calibri,sans-serif; text-align:left;\" original_font_attr=\"11pt\" original_line_height_attr=\"\">EDILSA GONZALEZ ROCA<\/p>\n<p class=\"MsoNormal\" style=\"margin:0cm0cm8pt; font-size:11pt; font-family:Calibri,sans-serif; text-align:left;\" original_font_attr=\"11pt\" original_line_height_attr=\"\">COCL\u00c9.<\/p>\n<p class=\"MsoNormal\" style=\"margin:0cm0cm8pt; font-size:11pt; font-family:Calibri,sans-serif; text-align:left;\" original_font_attr=\"11pt\" original_line_height_attr=\"\">Al menos treinta y ocho proyectos de viviendas de los cincuenta y uno que desarrollaba el Ministerio de Vivienda y Ordenamiento Territorial (MIVIOT), en el interior del pa\u00eds durante la pasada administraci\u00f3n de gobierno se encontraron paralizados, as\u00ed lo dio a conocer la ministra del Ministerio de Vivienda, In\u00e9s Samudio durante una gira en la provincia de Cocl\u00e9.<\/p>\n<p><img fetchpriority=\"high\" decoding=\"async\" src=\"https:\/\/mifavorita.com.pa\/2017\/wp-content\/uploads\/2019\/10\/img-20191029-wa014147246106762226878.jpg\" class=\"wp-image-3382 alignnone size-full\" width=\"1280\" height=\"853\"><\/p>\n<p class=\"MsoNormal\" style=\"margin:0cm0cm8pt; font-size:11pt; font-family:Calibri,sans-serif; text-align:left;\" original_font_attr=\"11pt\" original_line_height_attr=\"\">Samudio indic\u00f3 que m\u00e1s de diez de los proyectos paralizados se han logrado reactivar durante estos primeros cien d\u00edas de administraci\u00f3n, asegur\u00f3 adem\u00e1s que se han activado en el interior de la rep\u00fablica ventanillas \u00fanicas para agilizar los tr\u00e1mites que llevan adelante promotores de viviendas que son los que principalmente invierten en esta regi\u00f3n.<\/p>\n<p class=\"MsoNormal\" style=\"margin:0cm0cm8pt; font-size:11pt; font-family:Calibri,sans-serif; text-align:left;\" original_font_attr=\"11pt\" original_line_height_attr=\"\">Sobre los proyectos de Techo de Esperanza, el Miviot recibi\u00f3 trece proyectos, el resto estaba paralizado, ya que ten\u00edan contratos vencidos por adenda de tiempo, por refrendo de la Contralor\u00eda, otros estaban en fianza, situaci\u00f3n por la que no se han podido activar muchos los proyectos, dijo.<\/p>\n<p><img decoding=\"async\" src=\"https:\/\/mifavorita.com.pa\/2017\/wp-content\/uploads\/2019\/10\/img-20191029-wa01401257810530536412612.jpg\" class=\"wp-image-3383 alignnone size-full\" width=\"1280\" height=\"853\"><\/p>\n<p class=\"MsoNormal\" style=\"margin:0cm0cm8pt; font-size:11pt; font-family:Calibri,sans-serif; text-align:left;\" original_font_attr=\"11pt\" original_line_height_attr=\"\">Seg\u00fan la ministra Samudio, en el mes de julio se descentraliz\u00f3 la ventanilla \u00fanica de Chiriqu\u00ed y Bocas del Toro, en agosto se inaugur\u00f3 la ventanilla \u00fanica de provincias centrales en Santiago de Veraguas, con esto las personas no tienen que viajar a la sede principal por una aprobaci\u00f3n, ya que ahora cuentan con una ventanilla local.<\/p>\n<p class=\"MsoNormal\" style=\"margin:0cm0cm8pt; font-size:11pt; font-family:Calibri,sans-serif; text-align:left;\" original_font_attr=\"11pt\" original_line_height_attr=\"\">La ministra ha estado haciendo una evaluaci\u00f3n a nivel nacional, en la provincia de Cocl\u00e9 se encontraron muchas irregularidades que ya<span> <\/span>han sido ordenadas, especialmente en lo que fue la excesiva compra de materiales, y en otras partes del pa\u00eds por lo cual ya se han interpuesto denuncias ante las autoridades correspondientes.<\/p>\n<p class=\"MsoNormal\" style=\"margin:0cm0cm8pt; font-size:11pt; font-family:Calibri,sans-serif; text-align:left;\" original_font_attr=\"11pt\" original_line_height_attr=\"\">La<span> <\/span>ministra Samudio indic\u00f3 que en el caso de las entregas irregulares de casas, se est\u00e1n recibiendo denuncias y cualquiera que conozca de esta situaci\u00f3n, puede ir al ministerio de Vivienda para que se haga una investigaci\u00f3n e interponer posteriormente la denuncia.<\/p>\n","protected":false},"excerpt":{"rendered":"<p>EDILSA GONZALEZ ROCA COCL\u00c9. Al menos treinta y ocho proyectos de viviendas de los cincuenta y uno que desarrollaba el Ministerio de Vivienda y Ordenamiento Territorial (MIVIOT), en el interior del pa\u00eds durante la pasada administraci\u00f3n de gobierno se encontraron paralizados, as\u00ed lo dio a conocer la ministra del Ministerio de Vivienda, In\u00e9s Samudio durante [&hellip;]<\/p>\n","protected":false},"author":3,"featured_media":3381,"comment_status":"open","ping_status":"open","sticky":false,"template":"","format":"standard","meta":{"footnotes":""},"categories":[1],"tags":[],"class_list":["post-3379","post","type-post","status-publish","format-standard","has-post-thumbnail","hentry","category-noticias"],"_links":{"self":[{"href":"https:\/\/mifavorita.com.pa\/2017\/wp-json\/wp\/v2\/posts\/3379","targetHints":{"allow":["GET"]}}],"collection":[{"href":"https:\/\/mifavorita.com.pa\/2017\/wp-json\/wp\/v2\/posts"}],"about":[{"href":"https:\/\/mifavorita.com.pa\/2017\/wp-json\/wp\/v2\/types\/post"}],"author":[{"embeddable":true,"href":"https:\/\/mifavorita.com.pa\/2017\/wp-json\/wp\/v2\/users\/3"}],"replies":[{"embeddable":true,"href":"https:\/\/mifavorita.com.pa\/2017\/wp-json\/wp\/v2\/comments?post=3379"}],"version-history":[{"count":2,"href":"https:\/\/mifavorita.com.pa\/2017\/wp-json\/wp\/v2\/posts\/3379\/revisions"}],"predecessor-version":[{"id":3384,"href":"https:\/\/mifavorita.com.pa\/2017\/wp-json\/wp\/v2\/posts\/3379\/revisions\/3384"}],"wp:featuredmedia":[{"embeddable":true,"href":"https:\/\/mifavorita.com.pa\/2017\/wp-json\/wp\/v2\/media\/3381"}],"wp:attachment":[{"href":"https:\/\/mifavorita.com.pa\/2017\/wp-json\/wp\/v2\/media?parent=3379"}],"wp:term":[{"taxonomy":"category","embeddable":true,"href":"https:\/\/mifavorita.com.pa\/2017\/wp-json\/wp\/v2\/categories?post=3379"},{"taxonomy":"post_tag","embeddable":true,"href":"https:\/\/mifavorita.com.pa\/2017\/wp-json\/wp\/v2\/tags?post=3379"}],"curies":[{"name":"wp","href":"https:\/\/api.w.org\/{rel}","templated":true}]}}