{"id":3387,"date":"2019-10-30T03:57:01","date_gmt":"2019-10-30T03:57:01","guid":{"rendered":"https:\/\/mifavorita.com.pa\/2017\/?p=3387"},"modified":"2019-10-30T03:57:12","modified_gmt":"2019-10-30T03:57:12","slug":"mil-755-personas-asistieron-a-feria-de-empleo-en-cocle","status":"publish","type":"post","link":"https:\/\/mifavorita.com.pa\/2017\/mil-755-personas-asistieron-a-feria-de-empleo-en-cocle\/","title":{"rendered":"Mil 755 personas asistieron a feria de empleo en Cocl\u00e9."},"content":{"rendered":"<p>Un total de mil 755 personas asistieron a la feria de empleo y oportunidades, organizada por el Ministerio de Trabajo y Desarrollo Laboral, que cont\u00f3 con la participaci\u00f3n de treinta empresas en donde se ofertaron alrededor de 700 plazas de trabajos.<\/p>\n<p class=\"MsoNormal\" style=\"margin:0cm0cm8pt; font-size:11pt; font-family:Calibri,sans-serif; text-align:left;\" original_font_attr=\"11pt\" original_line_height_attr=\"\">La jornada tuvo lugar el pasado s\u00e1bado en el gimnasio del Colegio \u00c1ngel Mar\u00eda Herrera y se desarroll\u00f3 con el objetivo de minimizar el n\u00famero desempleo que hay en el pa\u00eds, cuya cifra alcanza los 6.4 %.<\/p>\n<p><img fetchpriority=\"high\" decoding=\"async\" src=\"https:\/\/mifavorita.com.pa\/2017\/wp-content\/uploads\/2019\/10\/img-20191029-wa01397355755990387883837.jpg\" class=\"wp-image-3386 alignnone size-full\" width=\"720\" height=\"1280\"><\/p>\n<p class=\"MsoNormal\" style=\"margin:0cm0cm8pt; font-size:11pt; font-family:Calibri,sans-serif; text-align:left;\" original_font_attr=\"11pt\" original_line_height_attr=\"\">La directora de Trabajo Layda Mojica dijo que con estas ferias <span> <\/span>buscan ese acercamiento con las empresas para que estas tengan un lugar donde ofrecer sus bacantes y las personas que buscan empleo tengan un lugar espec\u00edfico en el que encuentre diferentes ofertas laborales.<\/p>\n<p class=\"MsoNormal\" style=\"margin:0cm0cm8pt; font-size:11pt; font-family:Calibri,sans-serif; text-align:left;\" original_font_attr=\"11pt\" original_line_height_attr=\"\">En la feria tambi\u00e9n participaron instituciones p\u00fablicas, como AMPYME que ofreci\u00f3 su proyecto de emprendedores, el INADEH present\u00f3 los curso que tienen disponibles para que las personas adquieran una mejor experiencia, tambi\u00e9n estuvo IPACOOP y la Contralor\u00eda que estuvo reclutando personal para el censo del 2020.<\/p>\n<p class=\"MsoNormal\" style=\"margin:0cm0cm8pt; font-size:11pt; font-family:Calibri,sans-serif; text-align:left;\" original_font_attr=\"11pt\" original_line_height_attr=\"\">Mojica indic\u00f3 que si se presentaron vacantes, pero tambi\u00e9n las personas deben entender que para concursar por un puesto laboral se debe ir preparado y calificado, ya que las empresas son cada vez <span> <\/span>m\u00e1s exigentes con el nivel de educaci\u00f3n y preparaci\u00f3n.<\/p>\n<p class=\"MsoNormal\" style=\"margin:0cm0cm8pt; font-size:11pt; font-family:Calibri,sans-serif; text-align:left;\" original_font_attr=\"11pt\" original_line_height_attr=\"\">La mayor\u00eda de los asistentes fueron j\u00f3venes que comprend\u00edan las edades desde los 18 hasta los 29 a\u00f1os, con 1,234 con un 70% de la asistencia, seguido por personas de 30 a los 41 a\u00f1os de los cuales se contabilizaron total de 405 con un 23 %, y 116 personas desde los 42 a\u00f1os en adelante llegando a un 7% de los concursantes por un empleo.<\/p>\n","protected":false},"excerpt":{"rendered":"<p>Un total de mil 755 personas asistieron a la feria de empleo y oportunidades, organizada por el Ministerio de Trabajo y Desarrollo Laboral, que cont\u00f3 con la participaci\u00f3n de treinta empresas en donde se ofertaron alrededor de 700 plazas de trabajos. La jornada tuvo lugar el pasado s\u00e1bado en el gimnasio del Colegio \u00c1ngel Mar\u00eda [&hellip;]<\/p>\n","protected":false},"author":3,"featured_media":3385,"comment_status":"open","ping_status":"open","sticky":false,"template":"","format":"standard","meta":{"footnotes":""},"categories":[1],"tags":[],"class_list":["post-3387","post","type-post","status-publish","format-standard","has-post-thumbnail","hentry","category-noticias"],"_links":{"self":[{"href":"https:\/\/mifavorita.com.pa\/2017\/wp-json\/wp\/v2\/posts\/3387","targetHints":{"allow":["GET"]}}],"collection":[{"href":"https:\/\/mifavorita.com.pa\/2017\/wp-json\/wp\/v2\/posts"}],"about":[{"href":"https:\/\/mifavorita.com.pa\/2017\/wp-json\/wp\/v2\/types\/post"}],"author":[{"embeddable":true,"href":"https:\/\/mifavorita.com.pa\/2017\/wp-json\/wp\/v2\/users\/3"}],"replies":[{"embeddable":true,"href":"https:\/\/mifavorita.com.pa\/2017\/wp-json\/wp\/v2\/comments?post=3387"}],"version-history":[{"count":1,"href":"https:\/\/mifavorita.com.pa\/2017\/wp-json\/wp\/v2\/posts\/3387\/revisions"}],"predecessor-version":[{"id":3388,"href":"https:\/\/mifavorita.com.pa\/2017\/wp-json\/wp\/v2\/posts\/3387\/revisions\/3388"}],"wp:featuredmedia":[{"embeddable":true,"href":"https:\/\/mifavorita.com.pa\/2017\/wp-json\/wp\/v2\/media\/3385"}],"wp:attachment":[{"href":"https:\/\/mifavorita.com.pa\/2017\/wp-json\/wp\/v2\/media?parent=3387"}],"wp:term":[{"taxonomy":"category","embeddable":true,"href":"https:\/\/mifavorita.com.pa\/2017\/wp-json\/wp\/v2\/categories?post=3387"},{"taxonomy":"post_tag","embeddable":true,"href":"https:\/\/mifavorita.com.pa\/2017\/wp-json\/wp\/v2\/tags?post=3387"}],"curies":[{"name":"wp","href":"https:\/\/api.w.org\/{rel}","templated":true}]}}