{"id":3391,"date":"2019-10-31T03:04:26","date_gmt":"2019-10-31T03:04:26","guid":{"rendered":"https:\/\/mifavorita.com.pa\/2017\/?p=3391"},"modified":"2019-10-31T03:04:41","modified_gmt":"2019-10-31T03:04:41","slug":"comunidades-de-dificil-acceso-reciben-capacitacion-para-atender-emergencias","status":"publish","type":"post","link":"https:\/\/mifavorita.com.pa\/2017\/comunidades-de-dificil-acceso-reciben-capacitacion-para-atender-emergencias\/","title":{"rendered":"Comunidades de dif\u00edcil acceso reciben capacitaci\u00f3n para atender emergencias. \u00a0"},"content":{"rendered":"<p><span style=\"font-size:12pt; color:rgb(34,34,34);\" original_font_attr=\"12pt\" original_line_height_attr=\"\">LAURENT RODR\u00cdGUEZ<\/span><\/p>\n<p class=\"MsoNormal\" style=\"margin:0cm0cm0.0001ptbackground:none0%0%repeatscrollwhite; font-size:11pt; font-family:Calibri,sans-serif; text-align:left;\"><span style=\"font-size:12pt; color:rgb(34,34,34);\" original_font_attr=\"12pt\" original_line_height_attr=\"\">ESTUDIANTE DE PERIODISMO<\/span><\/p>\n<p class=\"MsoNormal\" style=\"margin:0cm0cm0.0001ptbackground:none0%0%repeatscrollwhite; font-size:11pt; font-family:Calibri,sans-serif; text-align:left;\"><span style=\"font-size:12pt; color:rgb(34,34,34);\" original_font_attr=\"12pt\" original_line_height_attr=\"\">Moradores de \u00e1reas de dif\u00edcil acceso en la provincia de Cocl\u00e9 han sido capacitados en temas de primeros auxilios, gesti\u00f3n de riesgo, organizaci\u00f3n comunitaria y sistema de alerta temprana, por parte del Sistema Nacional de Protecci\u00f3n Civil.<\/span><\/p>\n<p class=\"MsoNormal\" style=\"margin:0cm0cm0.0001ptbackground:none0%0%repeatscrollwhite; font-size:11pt; font-family:Calibri,sans-serif; text-align:left;\"><span style=\"font-size:12pt; color:rgb(34,34,34);\" original_font_attr=\"12pt\" original_line_height_attr=\"\">Manuel G\u00f3mez director regional del SINAPROC manifest\u00f3  que con esta capacitaci\u00f3n ayudar\u00e1n a las comunidades a actuar de forma r\u00e1pida, y se contar\u00e1n con personas con conocimiento ante una situaci\u00f3n de emergencia, tomando en cuenta que son \u00e1reas distantes de las instituciones<\/span><\/p>\n<p><span style=\"font-size:12pt; color:rgb(34,34,34);\" original_font_attr=\"12pt\" original_line_height_attr=\"\">Desde julio hacia octubre aproximadamente se han capacitado unas mil 230 personas. A los nuevo brigadistas se les entregaron certificados de participaci\u00f3n y chalecos por haber realizado los cursos de entrenamiento.<\/span><\/p>\n<p><img fetchpriority=\"high\" decoding=\"async\" src=\"https:\/\/mifavorita.com.pa\/2017\/wp-content\/uploads\/2019\/10\/img_20191030_2202547499572162408298147.jpg\" class=\"wp-image-3390 alignnone size-full\" width=\"1280\" height=\"959\"><\/p>\n<p class=\"MsoNormal\" style=\"margin:0cm0cm0.0001ptbackground:none0%0%repeatscrollwhite; font-size:11pt; font-family:Calibri,sans-serif; text-align:left;\"><span style=\"font-size:12pt; color:rgb(34,34,34);\" original_font_attr=\"12pt\" original_line_height_attr=\"\">\u00c1ngel Mendoza, de la comunidad de Villa del Carmen, fue uno de los que recibi\u00f3 la juramentaci\u00f3n por parte del SINAPROC, \u00e9l indic\u00f3 que con esta capacitaci\u00f3n ser\u00e1n un ejemplo para otras comunidades, ya que podr\u00e1n salvar vidas.<\/span><\/p>\n<p>Las comunidades beneficiadas con esta capacitaci\u00f3n fueron Cascajal, Rancher\u00eda, Molej\u00f3n, Sabaneta, San Antonio, Villa del Carmen y Llano Grande, y se espera que ante el \u00e9xito logrado, m\u00e1s comunidades sean beneficiadas por parte de la<br \/>\nalianza entre la empresa privada y Gobernaci\u00f3n y SINAPROC. <\/p>\n<p class=\"MsoNormal\" style=\"margin:0cm0cm0.0001ptbackground:none0%0%repeatscrollwhite; font-size:11pt; font-family:Calibri,sans-serif; text-align:left;\"><span style=\"font-size:12pt; color:rgb(34,34,34);\" original_font_attr=\"12pt\" original_line_height_attr=\"\">La juramentaci\u00f3n de esta brigada se llev\u00f3 a cabo<span>  <\/span>en el Cidete del Centro Regional Universitario de Cocl\u00e9 que tambi\u00e9n cont\u00f3<span>  <\/span>con la presencia del vicegobernador Isaac Quir\u00f3s y la empresa Minera Panam\u00e1.<span>  <\/span><span> <\/span><\/span><\/p>\n","protected":false},"excerpt":{"rendered":"<p>LAURENT RODR\u00cdGUEZ ESTUDIANTE DE PERIODISMO Moradores de \u00e1reas de dif\u00edcil acceso en la provincia de Cocl\u00e9 han sido capacitados en temas de primeros auxilios, gesti\u00f3n de riesgo, organizaci\u00f3n comunitaria y sistema de alerta temprana, por parte del Sistema Nacional de Protecci\u00f3n Civil. Manuel G\u00f3mez director regional del SINAPROC manifest\u00f3 que con esta capacitaci\u00f3n ayudar\u00e1n a [&hellip;]<\/p>\n","protected":false},"author":3,"featured_media":3389,"comment_status":"open","ping_status":"open","sticky":false,"template":"","format":"standard","meta":{"footnotes":""},"categories":[1],"tags":[],"class_list":["post-3391","post","type-post","status-publish","format-standard","has-post-thumbnail","hentry","category-noticias"],"_links":{"self":[{"href":"https:\/\/mifavorita.com.pa\/2017\/wp-json\/wp\/v2\/posts\/3391","targetHints":{"allow":["GET"]}}],"collection":[{"href":"https:\/\/mifavorita.com.pa\/2017\/wp-json\/wp\/v2\/posts"}],"about":[{"href":"https:\/\/mifavorita.com.pa\/2017\/wp-json\/wp\/v2\/types\/post"}],"author":[{"embeddable":true,"href":"https:\/\/mifavorita.com.pa\/2017\/wp-json\/wp\/v2\/users\/3"}],"replies":[{"embeddable":true,"href":"https:\/\/mifavorita.com.pa\/2017\/wp-json\/wp\/v2\/comments?post=3391"}],"version-history":[{"count":1,"href":"https:\/\/mifavorita.com.pa\/2017\/wp-json\/wp\/v2\/posts\/3391\/revisions"}],"predecessor-version":[{"id":3392,"href":"https:\/\/mifavorita.com.pa\/2017\/wp-json\/wp\/v2\/posts\/3391\/revisions\/3392"}],"wp:featuredmedia":[{"embeddable":true,"href":"https:\/\/mifavorita.com.pa\/2017\/wp-json\/wp\/v2\/media\/3389"}],"wp:attachment":[{"href":"https:\/\/mifavorita.com.pa\/2017\/wp-json\/wp\/v2\/media?parent=3391"}],"wp:term":[{"taxonomy":"category","embeddable":true,"href":"https:\/\/mifavorita.com.pa\/2017\/wp-json\/wp\/v2\/categories?post=3391"},{"taxonomy":"post_tag","embeddable":true,"href":"https:\/\/mifavorita.com.pa\/2017\/wp-json\/wp\/v2\/tags?post=3391"}],"curies":[{"name":"wp","href":"https:\/\/api.w.org\/{rel}","templated":true}]}}