{"id":3396,"date":"2019-11-01T21:54:55","date_gmt":"2019-11-01T21:54:55","guid":{"rendered":"https:\/\/mifavorita.com.pa\/2017\/?p=3396"},"modified":"2019-11-02T11:26:37","modified_gmt":"2019-11-02T11:26:37","slug":"delincuentes-asesinan-a-hombre-en-aguadulce-pero-pn-los-detiene","status":"publish","type":"post","link":"https:\/\/mifavorita.com.pa\/2017\/delincuentes-asesinan-a-hombre-en-aguadulce-pero-pn-los-detiene\/","title":{"rendered":"Delincuentes asesinan a hombre en Aguadulce, pero PN los detiene"},"content":{"rendered":"<p>EDILSA GONZALEZ ROCA<br \/>\nCOCL\u00c9.<\/p>\n<p>Un hombre de 38 a\u00f1os de edad fue asesinado la noche del jueves en el sector conocido como Calle 9 de enero en la ciudad de Aguadulce, la v\u00edctima fue ultimada a tiros, pero sus presuntos verdugos fueron aprehendidos por la Polic\u00eda Nacional.<\/p>\n<p>Seg\u00fan se conoci\u00f3 el homicidio ocurri\u00f3 a eso de la media noche del viernes, cuando sujetos a bordo de un taxi de Panam\u00e1, llegaron a la casa de la v\u00edctima y le propinaron al menos seis balazos dej\u00e1ndolo tendido afuera de su residencia.<\/p>\n<p>Al escuchar las detonaciones , los vecinos dieron r\u00e1pido aviso a la Polic\u00eda que al llegar al sito trasladaron el herido al hospital Rafael Est\u00e9vez, en donde minutos despu\u00e9s falleci\u00f3, la colaboraci\u00f3n ciudadana fue importante para lograr la descripci\u00f3n del veh\u00edculo taxi en el que huyeron los delincuentes.<\/p>\n<p>C\u00e9sar Zambrano jefe de la zona policial de Cocl\u00e9, indic\u00f3 que una vez conocido el hecho se montaron los operativos en distintos puntos de Aguadulce y la v\u00eda panamericana dando con la ubicaci\u00f3n del taxi a la entrada de la ciudad de Penonom\u00e9.<\/p>\n<p><img fetchpriority=\"high\" decoding=\"async\" class=\"wp-image-3394 alignnone size-full\" src=\"https:\/\/mifavorita.com.pa\/2017\/wp-content\/uploads\/2019\/11\/img-20191101-wa0163161772435546914560.jpg\" width=\"1040\" height=\"780\"><\/p>\n<p>Indic\u00f3 que una vez ubicado el auto en el que viajaban tres personas, se coordin\u00f3 con la Fiscal\u00eda de Homicidios de la provincia Cocl\u00e9 que iniciaron las investigaciones pertinentes al caso, en el que se logr\u00f3 resultados inmediatos.<\/p>\n<p><img decoding=\"async\" class=\"wp-image-3395 alignnone size-full\" src=\"https:\/\/mifavorita.com.pa\/2017\/wp-content\/uploads\/2019\/11\/img-20191101-wa01642482817117030813183.jpg\" width=\"1040\" height=\"780\"><\/p>\n<p>De manera extraoficial se conoci\u00f3 que en el taxi con matr\u00edcula 8T-19099 viajaban dos hombres y una mujer, una pareja residente en El Chorrillo ciudad capital y otro en Col\u00f3n, adem\u00e1s se les ubic\u00f3 en un arma de fuego, se espera que sean presentados ante un juez de garant\u00edas dentro de las pr\u00f3ximas horas.<\/p>\n","protected":false},"excerpt":{"rendered":"<p>EDILSA GONZALEZ ROCA COCL\u00c9. Un hombre de 38 a\u00f1os de edad fue asesinado la noche del jueves en el sector conocido como Calle 9 de enero en la ciudad de Aguadulce, la v\u00edctima fue ultimada a tiros, pero sus presuntos verdugos fueron aprehendidos por la Polic\u00eda Nacional. Seg\u00fan se conoci\u00f3 el homicidio ocurri\u00f3 a eso [&hellip;]<\/p>\n","protected":false},"author":3,"featured_media":3393,"comment_status":"open","ping_status":"open","sticky":false,"template":"","format":"standard","meta":{"footnotes":""},"categories":[1],"tags":[],"class_list":["post-3396","post","type-post","status-publish","format-standard","has-post-thumbnail","hentry","category-noticias"],"_links":{"self":[{"href":"https:\/\/mifavorita.com.pa\/2017\/wp-json\/wp\/v2\/posts\/3396","targetHints":{"allow":["GET"]}}],"collection":[{"href":"https:\/\/mifavorita.com.pa\/2017\/wp-json\/wp\/v2\/posts"}],"about":[{"href":"https:\/\/mifavorita.com.pa\/2017\/wp-json\/wp\/v2\/types\/post"}],"author":[{"embeddable":true,"href":"https:\/\/mifavorita.com.pa\/2017\/wp-json\/wp\/v2\/users\/3"}],"replies":[{"embeddable":true,"href":"https:\/\/mifavorita.com.pa\/2017\/wp-json\/wp\/v2\/comments?post=3396"}],"version-history":[{"count":2,"href":"https:\/\/mifavorita.com.pa\/2017\/wp-json\/wp\/v2\/posts\/3396\/revisions"}],"predecessor-version":[{"id":3398,"href":"https:\/\/mifavorita.com.pa\/2017\/wp-json\/wp\/v2\/posts\/3396\/revisions\/3398"}],"wp:featuredmedia":[{"embeddable":true,"href":"https:\/\/mifavorita.com.pa\/2017\/wp-json\/wp\/v2\/media\/3393"}],"wp:attachment":[{"href":"https:\/\/mifavorita.com.pa\/2017\/wp-json\/wp\/v2\/media?parent=3396"}],"wp:term":[{"taxonomy":"category","embeddable":true,"href":"https:\/\/mifavorita.com.pa\/2017\/wp-json\/wp\/v2\/categories?post=3396"},{"taxonomy":"post_tag","embeddable":true,"href":"https:\/\/mifavorita.com.pa\/2017\/wp-json\/wp\/v2\/tags?post=3396"}],"curies":[{"name":"wp","href":"https:\/\/api.w.org\/{rel}","templated":true}]}}