{"id":3405,"date":"2019-11-09T01:16:23","date_gmt":"2019-11-09T01:16:23","guid":{"rendered":"https:\/\/mifavorita.com.pa\/2017\/?p=3405"},"modified":"2019-11-09T01:16:39","modified_gmt":"2019-11-09T01:16:39","slug":"policia-montada-funcionara-en-el-valle-y-farallon","status":"publish","type":"post","link":"https:\/\/mifavorita.com.pa\/2017\/policia-montada-funcionara-en-el-valle-y-farallon\/","title":{"rendered":"Polic\u00eda Montada funcionar\u00e1 en El Valle y Farall\u00f3n"},"content":{"rendered":"<p>EDILSA GONZALEZ ROCA<br \/>\nCOCL\u00c9.<\/p>\n<p>Polic\u00edas a caballo es la nueva modalidad que implementar\u00e1 la Polic\u00eda Nacional a trav\u00e9s del programa de Polic\u00eda Tur\u00edstica, Ambiental y Comunitaria en la provincia de Cocl\u00e9, la iniciativa busca dar respuestas a aquellas \u00e1reas afectadas por la delincuencia con rutas o \u00e1reas de acceso reducido para autos patrullas y motos.<\/p>\n<p>La Polic\u00eda Montada, fue presentada al pueblo coclesano en el desfile del 6 de Noviembre en la ciudad de Penonom\u00e9, el director de la Polic\u00eda Nacional Jorge Miranda, dijo que inicialmente el proyecto se ejecutar\u00e1 en El Valle de Ant\u00f3n y en el \u00e1rea de playas.<\/p>\n<p><img fetchpriority=\"high\" decoding=\"async\" src=\"https:\/\/mifavorita.com.pa\/2017\/wp-content\/uploads\/2019\/11\/img_20191108_201455_8905235899581862544520.jpg\" class=\"alignnone size-full wp-image-3404\" width=\"1440\" height=\"855\"><\/p>\n<p>Seg\u00fan Miranda el \u00e1rea de Penonom\u00e9 y El Valle fueron afectadas por hechos delictivos que compromet\u00edan la seguridad de los residentes y turistas que viajaban a visitar los lugares tur\u00edsticos por lo que se decidi\u00f3 implementar un programa en el que la polic\u00eda pudiera llegar a lugares o destinos donde no puede llegar la polic\u00eda en sus medios habituales.<\/p>\n<p>Por su parte el Sub Comisionado C\u00e9sar Zambrano, jefe de la Zona Policial de Cocl\u00e9, indic\u00f3 que se est\u00e1 en las \u00faltimas coordinaciones para la implementaci\u00f3n del programa que actuar\u00e1 por ahora con unas 20 unidades que han sido destinadas a este servicio en El valle y Farall\u00f3n.<\/p>\n<p>Indic\u00f3 que para este servicio los polic\u00edas tendr\u00e1n un uniforme particular que los identifique como la Polic\u00eda Montada y adem\u00e1s se deben tener adecuaciones en los puestos policiales para los semovientes como establos y otras necesidades, que est\u00e1n debidamente organizadas.<\/p>\n","protected":false},"excerpt":{"rendered":"<p>EDILSA GONZALEZ ROCA COCL\u00c9. Polic\u00edas a caballo es la nueva modalidad que implementar\u00e1 la Polic\u00eda Nacional a trav\u00e9s del programa de Polic\u00eda Tur\u00edstica, Ambiental y Comunitaria en la provincia de Cocl\u00e9, la iniciativa busca dar respuestas a aquellas \u00e1reas afectadas por la delincuencia con rutas o \u00e1reas de acceso reducido para autos patrullas y motos. [&hellip;]<\/p>\n","protected":false},"author":3,"featured_media":3403,"comment_status":"open","ping_status":"open","sticky":false,"template":"","format":"standard","meta":{"footnotes":""},"categories":[1],"tags":[],"class_list":["post-3405","post","type-post","status-publish","format-standard","has-post-thumbnail","hentry","category-noticias"],"_links":{"self":[{"href":"https:\/\/mifavorita.com.pa\/2017\/wp-json\/wp\/v2\/posts\/3405","targetHints":{"allow":["GET"]}}],"collection":[{"href":"https:\/\/mifavorita.com.pa\/2017\/wp-json\/wp\/v2\/posts"}],"about":[{"href":"https:\/\/mifavorita.com.pa\/2017\/wp-json\/wp\/v2\/types\/post"}],"author":[{"embeddable":true,"href":"https:\/\/mifavorita.com.pa\/2017\/wp-json\/wp\/v2\/users\/3"}],"replies":[{"embeddable":true,"href":"https:\/\/mifavorita.com.pa\/2017\/wp-json\/wp\/v2\/comments?post=3405"}],"version-history":[{"count":1,"href":"https:\/\/mifavorita.com.pa\/2017\/wp-json\/wp\/v2\/posts\/3405\/revisions"}],"predecessor-version":[{"id":3406,"href":"https:\/\/mifavorita.com.pa\/2017\/wp-json\/wp\/v2\/posts\/3405\/revisions\/3406"}],"wp:featuredmedia":[{"embeddable":true,"href":"https:\/\/mifavorita.com.pa\/2017\/wp-json\/wp\/v2\/media\/3403"}],"wp:attachment":[{"href":"https:\/\/mifavorita.com.pa\/2017\/wp-json\/wp\/v2\/media?parent=3405"}],"wp:term":[{"taxonomy":"category","embeddable":true,"href":"https:\/\/mifavorita.com.pa\/2017\/wp-json\/wp\/v2\/categories?post=3405"},{"taxonomy":"post_tag","embeddable":true,"href":"https:\/\/mifavorita.com.pa\/2017\/wp-json\/wp\/v2\/tags?post=3405"}],"curies":[{"name":"wp","href":"https:\/\/api.w.org\/{rel}","templated":true}]}}