{"id":3411,"date":"2019-11-09T01:21:12","date_gmt":"2019-11-09T01:21:12","guid":{"rendered":"https:\/\/mifavorita.com.pa\/2017\/?p=3411"},"modified":"2019-11-09T01:21:30","modified_gmt":"2019-11-09T01:21:30","slug":"inicia-temporada-alta-de-vuelos-charter-a-rio-hato","status":"publish","type":"post","link":"https:\/\/mifavorita.com.pa\/2017\/inicia-temporada-alta-de-vuelos-charter-a-rio-hato\/","title":{"rendered":"Inicia temporada alta de vuelos ch\u00e1rter a R\u00edo Hato"},"content":{"rendered":"<p>EDILSA GONZALEZ ROCA<\/p>\n<p class=\"MsoNormal\" style=\"text-align: justify; margin: 0cm 0cm 10pt; font-size: 11pt; font-family: Calibri, sans-serif;\" original_font_attr=\"11pt\" original_line_height_attr=\"\">COCL\u00c9.<\/p>\n<p class=\"MsoNormal\" style=\"text-align: justify; margin: 0cm 0cm 10pt; font-size: 11pt; font-family: Calibri, sans-serif;\" original_font_attr=\"11pt\" original_line_height_attr=\"\">Con la llegada de unos 400 turistas procedentes de Canad\u00e1, inici\u00f3 la temporada alta de vuelos Ch\u00e1rter al Aeropuerto Internacional Scarlett Mart\u00ednez de R\u00edo Hato, generando as\u00ed un incremento positivo al turismo de esta regi\u00f3n.<\/p>\n<p><img fetchpriority=\"high\" decoding=\"async\" src=\"https:\/\/mifavorita.com.pa\/2017\/wp-content\/uploads\/2019\/11\/img_20191108_1233026077311849607426538.jpg\" class=\"wp-image-3408 alignnone size-full\" width=\"1280\" height=\"720\"><\/p>\n<p class=\"MsoNormal\" style=\"text-align: justify; margin: 0cm 0cm 10pt; font-size: 11pt; font-family: Calibri, sans-serif;\" original_font_attr=\"11pt\" original_line_height_attr=\"\">Se espera que con inicio de la temporada alta arriben a las costas de R\u00edo Hato unos <a href=\"geo:0,0?q=32 mil pasajeros entre los meses de noviembre de 2019\" original_font_attr=\"-1\" original_line_height_attr=\"\" style=\"\">32 mil pasajeros entre los meses de noviembre de 2019<\/a> y abril de 2020, cuando mayor cantidad de visitantes llegan al pa\u00eds producto de la temporada fr\u00eda en los pa\u00edses del norte.<\/p>\n<p><img decoding=\"async\" src=\"https:\/\/mifavorita.com.pa\/2017\/wp-content\/uploads\/2019\/11\/img_20191108_1233338434360823901086645.jpg\" class=\"wp-image-3409 alignnone size-full\" width=\"1152\" height=\"576\"><\/p>\n<p class=\"MsoNormal\" style=\"text-align: justify; margin: 0cm 0cm 10pt; font-size: 11pt; font-family: Calibri, sans-serif;\" original_font_attr=\"11pt\" original_line_height_attr=\"\">Las aerol\u00edneas canadienses Air Transat y Sunwing Airlines que realiza vuelos ch\u00e1rter a R\u00edo Hato cada a\u00f1o aumentan sus operaciones entre los meses de noviembre y abril, entre Canad\u00e1 y R\u00edo Hato, realizando unas 170 operaciones, lo que representa un aproximado de movimiento de pasajeros de unas 32 mil personas, dijo Rosa Mu\u00f1oz gerente de Aeropuertos Regionales de Toc\u00famen S.A.<\/p>\n<p>Agreg\u00f3 la funcionaria que el compromiso del gobierno a trav\u00e9s de los gabinetes de log\u00edstica y turismo es lograr establecer una hoja de ruta para potencializar las capacidades en materia de turismo en todo el pa\u00eds especialmente en la provincia de Cocl\u00e9.<\/p>\n<p><img decoding=\"async\" src=\"https:\/\/mifavorita.com.pa\/2017\/wp-content\/uploads\/2019\/11\/img_20191108_1233038426123307445495473.jpg\" class=\"wp-image-3410 alignnone size-full\" width=\"853\" height=\"1280\"><\/p>\n<p class=\"MsoNormal\" style=\"text-align: justify; margin: 0cm 0cm 10pt; font-size: 11pt; font-family: Calibri, sans-serif;\" original_font_attr=\"11pt\" original_line_height_attr=\"\">Indic\u00f3 que la estrategia est\u00e1 enfocada en captar al mayor n\u00famero de visitantes y coordinar con el sector privado las actividades de mayor impacto para generar empleos y activar la econom\u00eda. El aeropuerto de R\u00edo Hato moviliz\u00f3 entre enero y julio de 2019 m\u00e1s de 43 mil pasajeros.<\/p>\n","protected":false},"excerpt":{"rendered":"<p>EDILSA GONZALEZ ROCA COCL\u00c9. Con la llegada de unos 400 turistas procedentes de Canad\u00e1, inici\u00f3 la temporada alta de vuelos Ch\u00e1rter al Aeropuerto Internacional Scarlett Mart\u00ednez de R\u00edo Hato, generando as\u00ed un incremento positivo al turismo de esta regi\u00f3n. Se espera que con inicio de la temporada alta arriben a las costas de R\u00edo Hato [&hellip;]<\/p>\n","protected":false},"author":3,"featured_media":3407,"comment_status":"open","ping_status":"open","sticky":false,"template":"","format":"standard","meta":{"footnotes":""},"categories":[1],"tags":[],"class_list":["post-3411","post","type-post","status-publish","format-standard","has-post-thumbnail","hentry","category-noticias"],"_links":{"self":[{"href":"https:\/\/mifavorita.com.pa\/2017\/wp-json\/wp\/v2\/posts\/3411","targetHints":{"allow":["GET"]}}],"collection":[{"href":"https:\/\/mifavorita.com.pa\/2017\/wp-json\/wp\/v2\/posts"}],"about":[{"href":"https:\/\/mifavorita.com.pa\/2017\/wp-json\/wp\/v2\/types\/post"}],"author":[{"embeddable":true,"href":"https:\/\/mifavorita.com.pa\/2017\/wp-json\/wp\/v2\/users\/3"}],"replies":[{"embeddable":true,"href":"https:\/\/mifavorita.com.pa\/2017\/wp-json\/wp\/v2\/comments?post=3411"}],"version-history":[{"count":1,"href":"https:\/\/mifavorita.com.pa\/2017\/wp-json\/wp\/v2\/posts\/3411\/revisions"}],"predecessor-version":[{"id":3412,"href":"https:\/\/mifavorita.com.pa\/2017\/wp-json\/wp\/v2\/posts\/3411\/revisions\/3412"}],"wp:featuredmedia":[{"embeddable":true,"href":"https:\/\/mifavorita.com.pa\/2017\/wp-json\/wp\/v2\/media\/3407"}],"wp:attachment":[{"href":"https:\/\/mifavorita.com.pa\/2017\/wp-json\/wp\/v2\/media?parent=3411"}],"wp:term":[{"taxonomy":"category","embeddable":true,"href":"https:\/\/mifavorita.com.pa\/2017\/wp-json\/wp\/v2\/categories?post=3411"},{"taxonomy":"post_tag","embeddable":true,"href":"https:\/\/mifavorita.com.pa\/2017\/wp-json\/wp\/v2\/tags?post=3411"}],"curies":[{"name":"wp","href":"https:\/\/api.w.org\/{rel}","templated":true}]}}