{"id":3417,"date":"2019-11-14T01:54:04","date_gmt":"2019-11-14T01:54:04","guid":{"rendered":"https:\/\/mifavorita.com.pa\/2017\/?p=3417"},"modified":"2019-11-14T01:54:39","modified_gmt":"2019-11-14T01:54:39","slug":"camion-cargado-de-material-peligroso-se-incendia-en-via-a-coclesito","status":"publish","type":"post","link":"https:\/\/mifavorita.com.pa\/2017\/camion-cargado-de-material-peligroso-se-incendia-en-via-a-coclesito\/","title":{"rendered":"Cami\u00f3n cargado de material peligroso se incendia en v\u00eda a Coclesito"},"content":{"rendered":"<p>EDILSA GONZALEZ ROCA<br \/>\nCOCL\u00c9.<\/p>\n<p>Un veh\u00edculo articulado cargado de material peligroso se incendi\u00f3 la madrugada de este mi\u00e9rcoles 13 de noviembre en la v\u00eda que conduce hacia Minera Panam\u00e1 espec\u00edficamente en la comunidad de Rancher\u00eda, la situaci\u00f3n gener\u00f3 la alerta en la comunidad y en los organismos de seguridad que procedieron a controlar el incendio y acordonar el \u00e1rea del incidente.<\/p>\n<p><img fetchpriority=\"high\" decoding=\"async\" src=\"https:\/\/mifavorita.com.pa\/2017\/wp-content\/uploads\/2019\/11\/img_20191113_0803256077025541342623584.jpg\" class=\"alignnone size-full wp-image-3414\" width=\"774\" height=\"592\"><\/p>\n<p>Se conoci\u00f3 que debido a que se trataba de un material muy vol\u00e1til conocido como nitrato de amonio que sirve de base para elaboraci\u00f3n de dinamita, explosivo si se combina con algunos combustibles  y altamente soluble al agua por lo que, los bomberos no pudieron intervenir con uso de agua para extinguir el veh\u00edculo incendiado.<br \/>\nFuentes del Cuerpo de Bomberos de Cocl\u00e9 informaron que el apoyo de la instituci\u00f3n fue para acordonar el \u00e1rea del incidente a cierta distancia, ya que personal de seguridad de la Empresa Minera Panam\u00e1 fue la encargada de todas las labores de extinci\u00f3n y control del producto.<\/p>\n<p><img decoding=\"async\" src=\"https:\/\/mifavorita.com.pa\/2017\/wp-content\/uploads\/2019\/11\/img-20191113-wa00122354141445108709200.jpg\" class=\"alignnone size-full wp-image-3415\" width=\"720\" height=\"410\"><\/p>\n<p>Varios residentes del \u00e1rea cerca al siniestro fueron evacuados por seguridad al igual que varios veh\u00edculos y personal que se acerc\u00f3 al sitio del incendio, para evitar riesgos, se espera que las autoridades investiguen las causas de este incidente y si el traslado de este tipo de productos cumplen con los requisitos de seguridad exigidos para ello.<\/p>\n<p><img decoding=\"async\" src=\"https:\/\/mifavorita.com.pa\/2017\/wp-content\/uploads\/2019\/11\/img_20191113_081025_1793243906719747823890.jpg\" class=\"wp-image-3413 alignnone size-full\" width=\"683\" height=\"496\"><\/p>\n<p>La empresa Minera Panam\u00e1 inform\u00f3 a trav\u00e9s de un comunicado que  el incidente se dio con uno de sus subcontratistas y en el mismo no hubo v\u00edctimas, ni heridos, ni tampoco afectaciones al entorno o estructuras circundantes y las labores de extinci\u00f3n, limpieza y marcado del per\u00edmetro de seguridad se hizo en coordinaci\u00f3n con el Cuerpo de Bomberos y La Polic\u00eda Nacional.<\/p>\n","protected":false},"excerpt":{"rendered":"<p>EDILSA GONZALEZ ROCA COCL\u00c9. Un veh\u00edculo articulado cargado de material peligroso se incendi\u00f3 la madrugada de este mi\u00e9rcoles 13 de noviembre en la v\u00eda que conduce hacia Minera Panam\u00e1 espec\u00edficamente en la comunidad de Rancher\u00eda, la situaci\u00f3n gener\u00f3 la alerta en la comunidad y en los organismos de seguridad que procedieron a controlar el incendio [&hellip;]<\/p>\n","protected":false},"author":3,"featured_media":3416,"comment_status":"open","ping_status":"open","sticky":false,"template":"","format":"standard","meta":{"footnotes":""},"categories":[1],"tags":[],"class_list":["post-3417","post","type-post","status-publish","format-standard","has-post-thumbnail","hentry","category-noticias"],"_links":{"self":[{"href":"https:\/\/mifavorita.com.pa\/2017\/wp-json\/wp\/v2\/posts\/3417","targetHints":{"allow":["GET"]}}],"collection":[{"href":"https:\/\/mifavorita.com.pa\/2017\/wp-json\/wp\/v2\/posts"}],"about":[{"href":"https:\/\/mifavorita.com.pa\/2017\/wp-json\/wp\/v2\/types\/post"}],"author":[{"embeddable":true,"href":"https:\/\/mifavorita.com.pa\/2017\/wp-json\/wp\/v2\/users\/3"}],"replies":[{"embeddable":true,"href":"https:\/\/mifavorita.com.pa\/2017\/wp-json\/wp\/v2\/comments?post=3417"}],"version-history":[{"count":1,"href":"https:\/\/mifavorita.com.pa\/2017\/wp-json\/wp\/v2\/posts\/3417\/revisions"}],"predecessor-version":[{"id":3418,"href":"https:\/\/mifavorita.com.pa\/2017\/wp-json\/wp\/v2\/posts\/3417\/revisions\/3418"}],"wp:featuredmedia":[{"embeddable":true,"href":"https:\/\/mifavorita.com.pa\/2017\/wp-json\/wp\/v2\/media\/3416"}],"wp:attachment":[{"href":"https:\/\/mifavorita.com.pa\/2017\/wp-json\/wp\/v2\/media?parent=3417"}],"wp:term":[{"taxonomy":"category","embeddable":true,"href":"https:\/\/mifavorita.com.pa\/2017\/wp-json\/wp\/v2\/categories?post=3417"},{"taxonomy":"post_tag","embeddable":true,"href":"https:\/\/mifavorita.com.pa\/2017\/wp-json\/wp\/v2\/tags?post=3417"}],"curies":[{"name":"wp","href":"https:\/\/api.w.org\/{rel}","templated":true}]}}