{"id":3424,"date":"2019-11-14T02:18:23","date_gmt":"2019-11-14T02:18:23","guid":{"rendered":"https:\/\/mifavorita.com.pa\/2017\/?p=3424"},"modified":"2019-11-14T02:19:33","modified_gmt":"2019-11-14T02:19:33","slug":"attt-activa-semaforo-en-la-calle-hector-conte-bermudez","status":"publish","type":"post","link":"https:\/\/mifavorita.com.pa\/2017\/attt-activa-semaforo-en-la-calle-hector-conte-bermudez\/","title":{"rendered":"ATTT activa sem\u00e1foro en la calle H\u00e9ctor Conte Berm\u00fadez."},"content":{"rendered":"<p>Luego de una larga espera, la Autoridad de Tr\u00e1nsito y Transporte Terrestre puso en funcionamiento el sem\u00e1foro ubicado en la intercepci\u00f3n de la v\u00eda panamericana con la calle H\u00e9ctor Conte Berm\u00fadez de Penonom\u00e9.<\/p>\n<p><img fetchpriority=\"high\" decoding=\"async\" src=\"https:\/\/mifavorita.com.pa\/2017\/wp-content\/uploads\/2019\/11\/img-20191113-wa00682787619575176396439.jpg\" class=\"wp-image-3419 alignnone size-full\" width=\"1024\" height=\"768\"><\/p>\n<p>Avelino Gamboa, director de la Autoridad de Tr\u00e1nsito y Transporte terrestre inform\u00f3 que el sem\u00e1foro estar\u00e1 esta semana en fase de prueba, y los funcionarios supervisar\u00e1n para observar el comportamiento de los conductores.<br \/>\nAgreg\u00f3 que de ser necesario, se implementaran los cambios que correspondan principalmente en el tiempo de la frecuencia en el cambio de luces.<\/p>\n<p><img decoding=\"async\" src=\"https:\/\/mifavorita.com.pa\/2017\/wp-content\/uploads\/2019\/11\/img-20191113-wa00372295143770201697944.jpg\" class=\"wp-image-3420 alignnone size-full\" width=\"1024\" height=\"768\"><\/p>\n<p>Inform\u00f3 que la duraci\u00f3n de tiempo en el sem\u00e1foro para los que transitan sobre la v\u00eda interamericana ser\u00e1 de un minuto y para los que vienen del centro de Penonom\u00e9 ser\u00e1 de 30 segundos e hizo un llamado a los conductores para que tengan precauci\u00f3n, y presten atenci\u00f3n a las luces del sem\u00e1foro ahora que est\u00e1 en funcionamiento.<\/p>\n<p><img decoding=\"async\" src=\"https:\/\/mifavorita.com.pa\/2017\/wp-content\/uploads\/2019\/11\/img-20191113-wa0031474566254774206931.jpg\" class=\"wp-image-3421 alignnone size-full\" width=\"959\" height=\"1280\"><\/p>\n<p>La calle H\u00e9ctor Conte Berm\u00fadez, es una de las arterias m\u00e1s utilizadas por los conductores que tratan de salir a la carretera panamericana en Penonom\u00e9 y es uno de los puntos en donde en los \u00faltimos a\u00f1os se ha triplicado el n\u00famero de veh\u00edculos que por ellas transitan por lo que era necesario la colocaci\u00f3n de un sem\u00e1foro para disminuir el n\u00famero de accidentes que se daban en la zona.<\/p>\n","protected":false},"excerpt":{"rendered":"<p>Luego de una larga espera, la Autoridad de Tr\u00e1nsito y Transporte Terrestre puso en funcionamiento el sem\u00e1foro ubicado en la intercepci\u00f3n de la v\u00eda panamericana con la calle H\u00e9ctor Conte Berm\u00fadez de Penonom\u00e9. Avelino Gamboa, director de la Autoridad de Tr\u00e1nsito y Transporte terrestre inform\u00f3 que el sem\u00e1foro estar\u00e1 esta semana en fase de prueba, [&hellip;]<\/p>\n","protected":false},"author":3,"featured_media":3423,"comment_status":"open","ping_status":"open","sticky":false,"template":"","format":"standard","meta":{"footnotes":""},"categories":[1],"tags":[],"class_list":["post-3424","post","type-post","status-publish","format-standard","has-post-thumbnail","hentry","category-noticias"],"_links":{"self":[{"href":"https:\/\/mifavorita.com.pa\/2017\/wp-json\/wp\/v2\/posts\/3424","targetHints":{"allow":["GET"]}}],"collection":[{"href":"https:\/\/mifavorita.com.pa\/2017\/wp-json\/wp\/v2\/posts"}],"about":[{"href":"https:\/\/mifavorita.com.pa\/2017\/wp-json\/wp\/v2\/types\/post"}],"author":[{"embeddable":true,"href":"https:\/\/mifavorita.com.pa\/2017\/wp-json\/wp\/v2\/users\/3"}],"replies":[{"embeddable":true,"href":"https:\/\/mifavorita.com.pa\/2017\/wp-json\/wp\/v2\/comments?post=3424"}],"version-history":[{"count":1,"href":"https:\/\/mifavorita.com.pa\/2017\/wp-json\/wp\/v2\/posts\/3424\/revisions"}],"predecessor-version":[{"id":3425,"href":"https:\/\/mifavorita.com.pa\/2017\/wp-json\/wp\/v2\/posts\/3424\/revisions\/3425"}],"wp:featuredmedia":[{"embeddable":true,"href":"https:\/\/mifavorita.com.pa\/2017\/wp-json\/wp\/v2\/media\/3423"}],"wp:attachment":[{"href":"https:\/\/mifavorita.com.pa\/2017\/wp-json\/wp\/v2\/media?parent=3424"}],"wp:term":[{"taxonomy":"category","embeddable":true,"href":"https:\/\/mifavorita.com.pa\/2017\/wp-json\/wp\/v2\/categories?post=3424"},{"taxonomy":"post_tag","embeddable":true,"href":"https:\/\/mifavorita.com.pa\/2017\/wp-json\/wp\/v2\/tags?post=3424"}],"curies":[{"name":"wp","href":"https:\/\/api.w.org\/{rel}","templated":true}]}}