{"id":3448,"date":"2019-11-19T00:10:34","date_gmt":"2019-11-19T00:10:34","guid":{"rendered":"https:\/\/mifavorita.com.pa\/2017\/?p=3448"},"modified":"2019-11-18T22:10:58","modified_gmt":"2019-11-18T22:10:58","slug":"gobernador-de-cocle-actuara-en-caso-de-quejas-de-empresario","status":"publish","type":"post","link":"https:\/\/mifavorita.com.pa\/2017\/gobernador-de-cocle-actuara-en-caso-de-quejas-de-empresario\/","title":{"rendered":"Gobernador de Cocl\u00e9 actuar\u00e1 en caso de quejas de empresario."},"content":{"rendered":"<p>LAURENT RODRIGUEZ<br \/>\nEstudiante de Periodismo.<\/p>\n<p>Una nueva protesta ante la Alcald\u00eda de Penonom\u00e9, realizaron los empresarios del Jard\u00edn Guacamaya ubicado en la comunidad de La Candelaria, corregimiento de R\u00edo Grande, esta vez a ra\u00edz de que esta no les otorg\u00f3 un permiso para una actividad t\u00edpica a realizarse la noche del lunes 18 de noviembre.<\/p>\n<p><img fetchpriority=\"high\" decoding=\"async\" src=\"https:\/\/mifavorita.com.pa\/2017\/wp-content\/uploads\/2019\/11\/img-20191118-wa00948375398563363112114.jpg\" class=\"wp-image-3446 alignnone size-full\" width=\"1280\" height=\"853\"><\/p>\n<p>Los empresarios tambi\u00e9n piquetearon ante la Procuradur\u00eda de la Administraci\u00f3n  y Gobernaci\u00f3n de Cocl\u00e9, para que intercedieran ante la negatividad del Municipio de Penonom\u00e9 por darles el permiso.<\/p>\n<p>El due\u00f1o del Jard\u00edn Guacamaya, Alberto Mendoza, indic\u00f3 que se sienten secuestrados  por la alcald\u00eda porque no pueden realizar ninguna actividad en este establecimiento, agreg\u00f3 no entender porque no le dan permiso, ya que cuenta con todos los requisitos que se le exigen y est\u00e1 al d\u00eda con los impuestos.<\/p>\n<p><img decoding=\"async\" src=\"https:\/\/mifavorita.com.pa\/2017\/wp-content\/uploads\/2019\/11\/img-20191118-wa00974215291271531976838.jpg\" class=\"alignnone size-full wp-image-3447\" width=\"1280\" height=\"853\"><\/p>\n<p>Militzy C\u00f3rdoba de Z\u00fa\u00f1iga, secretaria provincial de la Procuradur\u00eda de Administraci\u00f3n, se\u00f1al\u00f3 que en cuanto al tema del Jard\u00edn Guacamaya, se est\u00e1 orientando al gobernador Renaul Dom\u00ednguez sobre el tr\u00e1mite para solicitar un informe explicativo a la alcaldesa Paula Gonz\u00e1lez.<\/p>\n<p>Inform\u00f3 que seg\u00fan la norma \u00e9sta tendr\u00eda un periodo de cinco d\u00edas h\u00e1biles para responder, y de acuerdo a lo que diga la alcaldesa, el gobernador tomar\u00e1 las acciones que en derecho le correspondan.<\/p>\n<p>En este sentido Renaul Dom\u00ednguez, gobernador de Cocl\u00e9, manifest\u00f3 que le envi\u00f3 a la alcaldesa la queja presentada por el empresario y su abogado para que ella de las explicaciones a trav\u00e9s de un informe.<\/p>\n<p>La m\u00e1xima autoridad coclesana tambi\u00e9n se\u00f1al\u00f3 que aparte de esta queja, ha recibido otras quejas verbales, pero para actuar deben recibirla de manera escrita para posteriormente dar la atenci\u00f3n que se merecen los ciudadanos o empresarios.<\/p>\n<p>Al final del d\u00eda los empresarios tuvieron que cancelar la actividad t\u00edpica ya que no recibieron ninguna atenci\u00f3n por parte del Municipio de Penonom\u00e9, indicaron que las p\u00e9rdidas econ\u00f3micas son considerables, ya que deben un 50% de lo que se hab\u00eda pactado en el contrato, adem\u00e1s de otros gastos que ya hab\u00edan realizado para dicha actividad, por lo que no se descartan demandas civiles y penales.<\/p>\n","protected":false},"excerpt":{"rendered":"<p>LAURENT RODRIGUEZ Estudiante de Periodismo. Una nueva protesta ante la Alcald\u00eda de Penonom\u00e9, realizaron los empresarios del Jard\u00edn Guacamaya ubicado en la comunidad de La Candelaria, corregimiento de R\u00edo Grande, esta vez a ra\u00edz de que esta no les otorg\u00f3 un permiso para una actividad t\u00edpica a realizarse la noche del lunes 18 de noviembre. [&hellip;]<\/p>\n","protected":false},"author":3,"featured_media":3445,"comment_status":"open","ping_status":"open","sticky":false,"template":"","format":"standard","meta":{"footnotes":""},"categories":[1],"tags":[],"class_list":["post-3448","post","type-post","status-publish","format-standard","has-post-thumbnail","hentry","category-noticias"],"_links":{"self":[{"href":"https:\/\/mifavorita.com.pa\/2017\/wp-json\/wp\/v2\/posts\/3448","targetHints":{"allow":["GET"]}}],"collection":[{"href":"https:\/\/mifavorita.com.pa\/2017\/wp-json\/wp\/v2\/posts"}],"about":[{"href":"https:\/\/mifavorita.com.pa\/2017\/wp-json\/wp\/v2\/types\/post"}],"author":[{"embeddable":true,"href":"https:\/\/mifavorita.com.pa\/2017\/wp-json\/wp\/v2\/users\/3"}],"replies":[{"embeddable":true,"href":"https:\/\/mifavorita.com.pa\/2017\/wp-json\/wp\/v2\/comments?post=3448"}],"version-history":[{"count":1,"href":"https:\/\/mifavorita.com.pa\/2017\/wp-json\/wp\/v2\/posts\/3448\/revisions"}],"predecessor-version":[{"id":3449,"href":"https:\/\/mifavorita.com.pa\/2017\/wp-json\/wp\/v2\/posts\/3448\/revisions\/3449"}],"wp:featuredmedia":[{"embeddable":true,"href":"https:\/\/mifavorita.com.pa\/2017\/wp-json\/wp\/v2\/media\/3445"}],"wp:attachment":[{"href":"https:\/\/mifavorita.com.pa\/2017\/wp-json\/wp\/v2\/media?parent=3448"}],"wp:term":[{"taxonomy":"category","embeddable":true,"href":"https:\/\/mifavorita.com.pa\/2017\/wp-json\/wp\/v2\/categories?post=3448"},{"taxonomy":"post_tag","embeddable":true,"href":"https:\/\/mifavorita.com.pa\/2017\/wp-json\/wp\/v2\/tags?post=3448"}],"curies":[{"name":"wp","href":"https:\/\/api.w.org\/{rel}","templated":true}]}}