{"id":3455,"date":"2019-11-21T23:59:27","date_gmt":"2019-11-21T23:59:27","guid":{"rendered":"https:\/\/mifavorita.com.pa\/2017\/?p=3455"},"modified":"2019-11-22T00:00:52","modified_gmt":"2019-11-22T00:00:52","slug":"a-12-anos-condenan-a-violador","status":"publish","type":"post","link":"https:\/\/mifavorita.com.pa\/2017\/a-12-anos-condenan-a-violador\/","title":{"rendered":"A 12 a\u00f1os condenan a violador"},"content":{"rendered":"<p><span style=\"font-size:12pt; font-family:Arial,sans-serif;\" original_font_attr=\"12pt\" original_line_height_attr=\"\">LAURENT RODR\u00cdGUEZ<\/span><\/p>\n<p class=\"MsoNormal\" style=\"text-align: justify; margin: 0cm 0cm 8pt; font-size: 11pt; font-family: Calibri, sans-serif;\"><span style=\"font-size:12pt; font-family:Arial,sans-serif;\" original_font_attr=\"12pt\" original_line_height_attr=\"\">Estudiante de periodismo<\/span><\/p>\n<p class=\"MsoNormal\" style=\"text-align: justify; margin: 0cm 0cm 8pt; font-size: 11pt; font-family: Calibri, sans-serif;\"><span style=\"font-size:12pt; font-family:Arial,sans-serif;\" original_font_attr=\"12pt\" original_line_height_attr=\"\">A 150 meses de prisi\u00f3n fue condenado un hombre por delito de violaci\u00f3n agravado y actos libidinosos agravados por un juez de garant\u00eda, hecho ocurrido en el distrito de Ant\u00f3n, provincia de Cocl\u00e9.<\/span><\/p>\n<p class=\"MsoNormal\" style=\"text-align: justify; margin: 0cm 0cm 8pt; font-size: 11pt; font-family: Calibri, sans-serif;\"><span style=\"font-size:12pt; font-family:Arial,sans-serif;\" original_font_attr=\"12pt\" original_line_height_attr=\"\">Las audiencias se llevaron a cabo<span>  <\/span>el 16 de noviembre, y mediante un acuerdo de pena el ciudadano fue condenado, luego de que fuera aprehendido por el Ministerio P\u00fablico. <\/span><\/p>\n<p class=\"MsoNormal\" style=\"text-align: justify; margin: 0cm 0cm 8pt; font-size: 11pt; font-family: Calibri, sans-serif;\"><span style=\"font-size:12pt; font-family:Arial,sans-serif;\" original_font_attr=\"12pt\" original_line_height_attr=\"\">El agresor quien tambi\u00e9n era padrastro de la v\u00edctima, abus\u00f3 de su hijastra de 13 a\u00f1os cuando la madre no estaba en casa, mediante violencia e intimidaci\u00f3n, amenaz\u00e1ndola que no dijera nada sino la matar\u00eda. <\/span><\/p>\n<p class=\"MsoNormal\" style=\"text-align: justify; margin: 0cm 0cm 8pt; font-size: 11pt; font-family: Calibri, sans-serif;\"><span style=\"font-size:12pt; font-family:Arial,sans-serif;\" original_font_attr=\"12pt\" original_line_height_attr=\"\">El sujeto condenado ya hab\u00eda abusado anteriormente de la v\u00edctima cuando esta apenas ten\u00eda 10 a\u00f1os, en ese entonces inici\u00f3 con actos de tocamiento a trav\u00e9s de amenazas de que no le avisara a su madre.<\/span><\/p>\n","protected":false},"excerpt":{"rendered":"<p>LAURENT RODR\u00cdGUEZ Estudiante de periodismo A 150 meses de prisi\u00f3n fue condenado un hombre por delito de violaci\u00f3n agravado y actos libidinosos agravados por un juez de garant\u00eda, hecho ocurrido en el distrito de Ant\u00f3n, provincia de Cocl\u00e9. Las audiencias se llevaron a cabo el 16 de noviembre, y mediante un acuerdo de pena el [&hellip;]<\/p>\n","protected":false},"author":3,"featured_media":3454,"comment_status":"open","ping_status":"open","sticky":false,"template":"","format":"standard","meta":{"footnotes":""},"categories":[1],"tags":[],"class_list":["post-3455","post","type-post","status-publish","format-standard","has-post-thumbnail","hentry","category-noticias"],"_links":{"self":[{"href":"https:\/\/mifavorita.com.pa\/2017\/wp-json\/wp\/v2\/posts\/3455","targetHints":{"allow":["GET"]}}],"collection":[{"href":"https:\/\/mifavorita.com.pa\/2017\/wp-json\/wp\/v2\/posts"}],"about":[{"href":"https:\/\/mifavorita.com.pa\/2017\/wp-json\/wp\/v2\/types\/post"}],"author":[{"embeddable":true,"href":"https:\/\/mifavorita.com.pa\/2017\/wp-json\/wp\/v2\/users\/3"}],"replies":[{"embeddable":true,"href":"https:\/\/mifavorita.com.pa\/2017\/wp-json\/wp\/v2\/comments?post=3455"}],"version-history":[{"count":1,"href":"https:\/\/mifavorita.com.pa\/2017\/wp-json\/wp\/v2\/posts\/3455\/revisions"}],"predecessor-version":[{"id":3456,"href":"https:\/\/mifavorita.com.pa\/2017\/wp-json\/wp\/v2\/posts\/3455\/revisions\/3456"}],"wp:featuredmedia":[{"embeddable":true,"href":"https:\/\/mifavorita.com.pa\/2017\/wp-json\/wp\/v2\/media\/3454"}],"wp:attachment":[{"href":"https:\/\/mifavorita.com.pa\/2017\/wp-json\/wp\/v2\/media?parent=3455"}],"wp:term":[{"taxonomy":"category","embeddable":true,"href":"https:\/\/mifavorita.com.pa\/2017\/wp-json\/wp\/v2\/categories?post=3455"},{"taxonomy":"post_tag","embeddable":true,"href":"https:\/\/mifavorita.com.pa\/2017\/wp-json\/wp\/v2\/tags?post=3455"}],"curies":[{"name":"wp","href":"https:\/\/api.w.org\/{rel}","templated":true}]}}