{"id":3461,"date":"2019-11-22T00:49:45","date_gmt":"2019-11-22T00:49:45","guid":{"rendered":"https:\/\/mifavorita.com.pa\/2017\/?p=3461"},"modified":"2019-11-22T00:51:47","modified_gmt":"2019-11-22T00:51:47","slug":"mides-organiza-primer-festival-folclorico-y-gastronomico-del-adulto-mayor","status":"publish","type":"post","link":"https:\/\/mifavorita.com.pa\/2017\/mides-organiza-primer-festival-folclorico-y-gastronomico-del-adulto-mayor\/","title":{"rendered":"MIDES organiza Primer Festival Folcl\u00f3rico y Gastron\u00f3mico del Adulto Mayor."},"content":{"rendered":"<p>LAURENT RODRIGUEZ<\/p>\n<p class=\"MsoNormal\" style=\"margin: 0cm 0cm 8pt; font-size: 11pt; font-family: Calibri, sans-serif;\" original_font_attr=\"11pt\" original_line_height_attr=\"\">Estudiante de Periodismo<\/p>\n<p class=\"MsoNormal\" style=\"text-align: justify; margin: 0cm 0cm 8pt; font-size: 11pt; font-family: Calibri, sans-serif;\" original_font_attr=\"11pt\" original_line_height_attr=\"\">Con la participaci\u00f3n de 250 adultos mayores se llev\u00f3 a cabo el Primer Festival Folcl\u00f3rico y Gastron\u00f3mico,<br \/>\ndonde diez de los participantes compitieron por exponer el mejor platillo de comida t\u00edpica regional.<\/p>\n<p class=\"MsoNormal\" style=\"text-align: justify; margin: 0cm 0cm 8pt; font-size: 11pt; font-family: Calibri, sans-serif;\" original_font_attr=\"11pt\" original_line_height_attr=\"\">Elcira Palacios directora del MIDES en Cocl\u00e9 dijo que la idea es motivar<span> <\/span> e incentivara los adultos mayores a que se integren a la sociedad y puedan compartir con otros adultos, sus conocimientos y experiencias y este caso sus habilidades en la cocina.<\/p>\n<p><img fetchpriority=\"high\" decoding=\"async\" src=\"https:\/\/mifavorita.com.pa\/2017\/wp-content\/uploads\/2019\/11\/img-20191121-wa00273707805818378871528.jpg\" class=\"wp-image-3460 alignnone size-full\" width=\"1280\" height=\"853\"><\/p>\n<p class=\"MsoNormal\" style=\"text-align: justify; margin: 0cm 0cm 8pt; font-size: 11pt; font-family: Calibri, sans-serif;\" original_font_attr=\"11pt\" original_line_height_attr=\"\">\u201cEste evento tambi\u00e9n ten\u00eda como fin que los beneficiarios de los programas, \u00c1ngel Guardi\u00e1n, Redes de Oportunidades y 120 a los 65, participaran en esta actividad, ya que para el Mides es importante que los adultos est\u00e9n activos en este tipo de eventos y tambi\u00e9n en sus atenciones m\u00e9dicas\u201d, se\u00f1al\u00f3 la jefe regional de la entidad.<\/p>\n<p><img decoding=\"async\" src=\"https:\/\/mifavorita.com.pa\/2017\/wp-content\/uploads\/2019\/11\/img-20191121-wa00256042779489039921364.jpg\" class=\"alignnone size-full wp-image-3459\" width=\"1280\" height=\"853\"><\/p>\n<p class=\"MsoNormal\" style=\"text-align: justify; margin: 0cm 0cm 8pt; font-size: 11pt; font-family: Calibri, sans-serif;\" original_font_attr=\"11pt\" original_line_height_attr=\"\">Elidania Mudarra, trabajadora social del Mides, manifest\u00f3 que la actividad buscaba resaltar ese valor importante que tienen los adultos mayores para la familia y sociedad, ya que con su experiencia y compa\u00f1\u00eda aprendemos mucho.<\/p>\n<p class=\"MsoNormal\" style=\"text-align: justify; margin: 0cm 0cm 8pt; font-size: 11pt; font-family: Calibri, sans-serif;\" original_font_attr=\"11pt\" original_line_height_attr=\"\">Entre los deliciosos platos expuesto estuvieron, el arroz con pollo y ensalada pind\u00edn, la yuca con gallina guisada, pescado con pl\u00e1tano y cacao, sa\u00fas, chicha de ma\u00edz, mono en bijao y el<br \/>\nplatillo ganador pescado al curri, que fue presentado por la Se\u00f1ora Ambrosia<br \/>\nMor\u00e1n del corregimiento de Ca\u00f1averal.<\/p>\n<p class=\"MsoNormal\" style=\"text-align: justify; margin: 0cm 0cm 8pt; font-size: 11pt; font-family: Calibri, sans-serif;\" original_font_attr=\"11pt\" original_line_height_attr=\"\">La orquesta de <span> <\/span>la Polic\u00eda Nacional fue la encargada de amenizar este festival en donde deleitaron a los presentes con sus diferentes \u00e9xitos musicales, el evento tambi\u00e9n cont\u00f3 con el apoyo de otras instituciones p\u00fablicas <span> <\/span>y empresas privadas.<\/p>\n<p><img decoding=\"async\" src=\"https:\/\/mifavorita.com.pa\/2017\/wp-content\/uploads\/2019\/11\/img-20191121-wa00261294457579412864572.jpg\" class=\"alignnone size-full wp-image-3458\" width=\"1280\" height=\"853\"><\/p>\n<p class=\"MsoNormal\" style=\"text-align: justify; margin: 0cm 0cm 8pt; font-size: 11pt; font-family: Calibri, sans-serif;\" original_font_attr=\"11pt\" original_line_height_attr=\"\">El Festival se llev\u00f3 a cabo en el parque 8 de Diciembre el jueves 21 de noviembre desde la <a href=\"calendar:T1:9:00 \" original_font_attr=\"-1\" original_line_height_attr=\"\" style=\"\">9:00 <\/a>de la ma\u00f1ana donde buscaron resaltar el arte culinario que existe en el distrito de Penonom\u00e9, todo organizado por el Ministerio de Desarrollo Social (MIDES).<\/p>\n","protected":false},"excerpt":{"rendered":"<p>LAURENT RODRIGUEZ Estudiante de Periodismo Con la participaci\u00f3n de 250 adultos mayores se llev\u00f3 a cabo el Primer Festival Folcl\u00f3rico y Gastron\u00f3mico, donde diez de los participantes compitieron por exponer el mejor platillo de comida t\u00edpica regional. Elcira Palacios directora del MIDES en Cocl\u00e9 dijo que la idea es motivar e incentivara los adultos mayores [&hellip;]<\/p>\n","protected":false},"author":3,"featured_media":3457,"comment_status":"open","ping_status":"open","sticky":false,"template":"","format":"standard","meta":{"footnotes":""},"categories":[1],"tags":[],"class_list":["post-3461","post","type-post","status-publish","format-standard","has-post-thumbnail","hentry","category-noticias"],"_links":{"self":[{"href":"https:\/\/mifavorita.com.pa\/2017\/wp-json\/wp\/v2\/posts\/3461","targetHints":{"allow":["GET"]}}],"collection":[{"href":"https:\/\/mifavorita.com.pa\/2017\/wp-json\/wp\/v2\/posts"}],"about":[{"href":"https:\/\/mifavorita.com.pa\/2017\/wp-json\/wp\/v2\/types\/post"}],"author":[{"embeddable":true,"href":"https:\/\/mifavorita.com.pa\/2017\/wp-json\/wp\/v2\/users\/3"}],"replies":[{"embeddable":true,"href":"https:\/\/mifavorita.com.pa\/2017\/wp-json\/wp\/v2\/comments?post=3461"}],"version-history":[{"count":1,"href":"https:\/\/mifavorita.com.pa\/2017\/wp-json\/wp\/v2\/posts\/3461\/revisions"}],"predecessor-version":[{"id":3462,"href":"https:\/\/mifavorita.com.pa\/2017\/wp-json\/wp\/v2\/posts\/3461\/revisions\/3462"}],"wp:featuredmedia":[{"embeddable":true,"href":"https:\/\/mifavorita.com.pa\/2017\/wp-json\/wp\/v2\/media\/3457"}],"wp:attachment":[{"href":"https:\/\/mifavorita.com.pa\/2017\/wp-json\/wp\/v2\/media?parent=3461"}],"wp:term":[{"taxonomy":"category","embeddable":true,"href":"https:\/\/mifavorita.com.pa\/2017\/wp-json\/wp\/v2\/categories?post=3461"},{"taxonomy":"post_tag","embeddable":true,"href":"https:\/\/mifavorita.com.pa\/2017\/wp-json\/wp\/v2\/tags?post=3461"}],"curies":[{"name":"wp","href":"https:\/\/api.w.org\/{rel}","templated":true}]}}