{"id":3463,"date":"2019-11-22T11:53:57","date_gmt":"2019-11-22T11:53:57","guid":{"rendered":"https:\/\/mifavorita.com.pa\/2017\/?p=3463"},"modified":"2019-11-22T11:55:15","modified_gmt":"2019-11-22T11:55:15","slug":"detencion-provisional-a-cuatro-por-delitos-de-robo-y-homicidio","status":"publish","type":"post","link":"https:\/\/mifavorita.com.pa\/2017\/detencion-provisional-a-cuatro-por-delitos-de-robo-y-homicidio\/","title":{"rendered":"Detenci\u00f3n provisional a cuatro por delitos de robo y homicidio.\u00a0"},"content":{"rendered":"<p>LAURENT RODR\u00cdGUEZ<\/p>\n<p class=\"MsoNormal\" style=\"text-align: justify; margin: 0cm 0cm 8pt; font-size: 11pt; font-family: Calibri, sans-serif;\" original_font_attr=\"11pt\" original_line_height_attr=\"\">Estudiante de Periodismo.<\/p>\n<p class=\"MsoNormal\" style=\"text-align: justify; margin: 0cm 0cm 8pt; font-size: 11pt; font-family: Calibri, sans-serif;\" original_font_attr=\"11pt\" original_line_height_attr=\"\">El Ministerio P\u00fablico logr\u00f3 la detenci\u00f3n de tres <span> <\/span>personas involucrada en delitos de robo agravado y una por homicidio culposo agravado, luego de que se realizaran las audiencias ante los respectivos<span> <\/span> jueces de garant\u00eda en la provincia de Cocl\u00e9.<\/p>\n<p class=\"MsoNormal\" style=\"text-align: justify; margin: 0cm 0cm 8pt; font-size: 11pt; font-family: Calibri, sans-serif;\" original_font_attr=\"11pt\" original_line_height_attr=\"\">En el primer caso, tres personas quedaron detenidas provisionalmente por seis meses por el delito de robo agravado, este hecho ocurri\u00f3 en la comunidad de Barrio Unidos, distrito de Aguadulce, provincia de Cocl\u00e9.<\/p>\n<p class=\"MsoNormal\" style=\"text-align: justify; margin: 0cm 0cm 8pt; font-size: 11pt; font-family: Calibri, sans-serif;\" original_font_attr=\"11pt\" original_line_height_attr=\"\">Los acusados intimidaron con un arma de fuego a la v\u00edctima, adem\u00e1s la despojaron de sus pertenec\u00edas, unos 9 mil d\u00f3lares, billetes de loter\u00eda y art\u00edculos personales, luego del acto cometido los victimarios fueron aprehendidos con todo lo robado y la v\u00edctima los pudo identificar.<\/p>\n<p class=\"MsoNormal\" style=\"text-align: justify; margin: 0cm 0cm 8pt; font-size: 11pt; font-family: Calibri, sans-serif;\" original_font_attr=\"11pt\" original_line_height_attr=\"\">En el otro caso el Ministerio P\u00fablico tambi\u00e9n logr\u00f3 la detenci\u00f3n preventiva de un sujeto involucrado en un delito de homicidio culposo agravado, ocurrido el <a href=\"geo:0,0?q=4 de noviembre de 2019 en la comunidad de Mata Palo\" original_font_attr=\"-1\" original_line_height_attr=\"\" style=\"\">4 de noviembre de 2019 en la comunidad de Mata Palo<\/a>, v\u00eda hacia el Cortezo del distrito de Nat\u00e1.<\/p>\n<p class=\"MsoNormal\" style=\"text-align: justify; margin: 0cm 0cm 8pt; font-size: 11pt; font-family: Calibri, sans-serif;\" original_font_attr=\"11pt\" original_line_height_attr=\"\">Seg\u00fan los informes el imputado conduc\u00eda en un veh\u00edculo sedan en estado de ebriedad e invadi\u00f3 el pa\u00f1o contrario donde ven\u00eda la victima conduciendo una bicicleta, impact\u00e1ndolo y caus\u00e1ndole la muerte inmediatamente en el lugar de los hechos.<\/p>\n<p class=\"MsoNormal\" style=\"text-align: justify; margin: 0cm 0cm 8pt; font-size: 11pt; font-family: Calibri, sans-serif;\" original_font_attr=\"11pt\" original_line_height_attr=\"\">Todos estos casos seguir\u00e1n siendo investigados por la Fiscal\u00eda Regional de Cocl\u00e9 para terminar de esclarecer los hechos.<\/p>\n","protected":false},"excerpt":{"rendered":"<p>LAURENT RODR\u00cdGUEZ Estudiante de Periodismo. El Ministerio P\u00fablico logr\u00f3 la detenci\u00f3n de tres personas involucrada en delitos de robo agravado y una por homicidio culposo agravado, luego de que se realizaran las audiencias ante los respectivos jueces de garant\u00eda en la provincia de Cocl\u00e9. En el primer caso, tres personas quedaron detenidas provisionalmente por seis [&hellip;]<\/p>\n","protected":false},"author":3,"featured_media":3454,"comment_status":"open","ping_status":"open","sticky":false,"template":"","format":"standard","meta":{"footnotes":""},"categories":[1],"tags":[],"class_list":["post-3463","post","type-post","status-publish","format-standard","has-post-thumbnail","hentry","category-noticias"],"_links":{"self":[{"href":"https:\/\/mifavorita.com.pa\/2017\/wp-json\/wp\/v2\/posts\/3463","targetHints":{"allow":["GET"]}}],"collection":[{"href":"https:\/\/mifavorita.com.pa\/2017\/wp-json\/wp\/v2\/posts"}],"about":[{"href":"https:\/\/mifavorita.com.pa\/2017\/wp-json\/wp\/v2\/types\/post"}],"author":[{"embeddable":true,"href":"https:\/\/mifavorita.com.pa\/2017\/wp-json\/wp\/v2\/users\/3"}],"replies":[{"embeddable":true,"href":"https:\/\/mifavorita.com.pa\/2017\/wp-json\/wp\/v2\/comments?post=3463"}],"version-history":[{"count":1,"href":"https:\/\/mifavorita.com.pa\/2017\/wp-json\/wp\/v2\/posts\/3463\/revisions"}],"predecessor-version":[{"id":3464,"href":"https:\/\/mifavorita.com.pa\/2017\/wp-json\/wp\/v2\/posts\/3463\/revisions\/3464"}],"wp:featuredmedia":[{"embeddable":true,"href":"https:\/\/mifavorita.com.pa\/2017\/wp-json\/wp\/v2\/media\/3454"}],"wp:attachment":[{"href":"https:\/\/mifavorita.com.pa\/2017\/wp-json\/wp\/v2\/media?parent=3463"}],"wp:term":[{"taxonomy":"category","embeddable":true,"href":"https:\/\/mifavorita.com.pa\/2017\/wp-json\/wp\/v2\/categories?post=3463"},{"taxonomy":"post_tag","embeddable":true,"href":"https:\/\/mifavorita.com.pa\/2017\/wp-json\/wp\/v2\/tags?post=3463"}],"curies":[{"name":"wp","href":"https:\/\/api.w.org\/{rel}","templated":true}]}}