{"id":3477,"date":"2019-12-05T22:00:30","date_gmt":"2019-12-05T22:00:30","guid":{"rendered":"https:\/\/mifavorita.com.pa\/2017\/?p=3477"},"modified":"2019-12-05T22:00:50","modified_gmt":"2019-12-05T22:00:50","slug":"ninos-de-jardin-de-la-infancia-participan-de-desfile-navideno","status":"publish","type":"post","link":"https:\/\/mifavorita.com.pa\/2017\/ninos-de-jardin-de-la-infancia-participan-de-desfile-navideno\/","title":{"rendered":"Ni\u00f1os de jard\u00edn de la infancia participan de desfile navide\u00f1o"},"content":{"rendered":"<p>EDILSA GONZALEZ ROCA<\/p>\n<p class=\"MsoNormal\" style=\"text-align: justify; margin: 0cm 0cm 8pt; font-size: 11pt; font-family: Calibri, sans-serif;\" original_font_attr=\"11pt\" original_line_height_attr=\"\">COCL\u00c9.<\/p>\n<p class=\"MsoNormal\" style=\"text-align: justify; margin: 0cm 0cm 8pt; font-size: 11pt; font-family: Calibri, sans-serif;\" original_font_attr=\"11pt\" original_line_height_attr=\"\">M\u00e1s de 300 ni\u00f1os de pre k\u00ednder y k\u00ednder de las escuelas primarias de los distritos de Penonom\u00e9, Ant\u00f3n y La Pintada participaron de un colorido desfile navide\u00f1o con el que pr\u00e1cticamente despiden el presente a\u00f1o lectivo, la actividad se desarroll\u00f3 este mi\u00e9rcoles en la ciudad de Penonom\u00e9.<\/p>\n<p class=\"MsoNormal\" style=\"text-align: justify; margin: 0cm 0cm 8pt; font-size: 11pt; font-family: Calibri, sans-serif;\" original_font_attr=\"11pt\" original_line_height_attr=\"\">Muchos Jos\u00e9s, y Mar\u00edas, con su<br \/>\nni\u00f1o Jes\u00fas, duendes, \u00e1ngeles, arbolitos, Santa Claus grandes y peque\u00f1os, globos, y mensajes de paz, amor y felicidad fueron parte de este bonito desfile en que tanto padres como ni\u00f1os se divirtieron mucho cantando villancicos.<\/p>\n<p><img fetchpriority=\"high\" decoding=\"async\" src=\"https:\/\/mifavorita.com.pa\/2017\/wp-content\/uploads\/2019\/12\/img_20191205_1659154294393443041834072.jpg\" class=\"wp-image-3475 alignnone size-full\" width=\"1280\" height=\"960\"><\/p>\n<p class=\"MsoNormal\" style=\"text-align: justify; margin: 0cm 0cm 8pt; font-size: 11pt; font-family: Calibri, sans-serif;\" original_font_attr=\"11pt\" original_line_height_attr=\"\">Zoraida Yang\u00fcez, directora nacional de Educaci\u00f3n Inicial de Meduca se\u00f1al\u00f3 que al iniciarse la temporada navide\u00f1a que anuncia el Nacimiento del Ni\u00f1o Jes\u00fas, se organiz\u00f3 con las escuelas de la provincia que los ni\u00f1os de 4 y 5 a\u00f1os participaran como una manera de llamar sus atenci\u00f3n a esta memorable fecha.<\/p>\n<p class=\"MsoNormal\" style=\"text-align: justify; margin: 0cm 0cm 8pt; font-size: 11pt; font-family: Calibri, sans-serif;\" original_font_attr=\"11pt\" original_line_height_attr=\"\">Ana Laurin, docente de la escuela Clelia F de mart\u00ednez, detall\u00f3 que la idea es que los ni\u00f1os y ni\u00f1as de pre jardin y jardin valoren el verdadero sentido de la Navidad y para ellos los docentes de cada escuela ense\u00f1an a los ni\u00f1os esos valores, adem\u00e1s de cantos de villancicos y actividades relacionadas.<\/p>\n<p class=\"MsoNormal\" style=\"text-align: justify; margin: 0cm 0cm 8pt; font-size: 11pt; font-family: Calibri, sans-serif;\">\n<p class=\"MsoNormal\" style=\"text-align: justify; margin: 0cm 0cm 8pt; font-size: 11pt; font-family: Calibri, sans-serif;\" original_font_attr=\"11pt\" original_line_height_attr=\"\">Indic\u00f3 que se realizaron dos<br \/>\ndesfiles uno para los distritos de Aguadulce, Ol\u00e1 y Nat\u00e1 y otro para Penonom\u00e9,<br \/>\nLa Pintada y Ant\u00f3n en donde m\u00e1s de 30 centros educativos y alrededor de 500<br \/>\nni\u00f1os participaron de este bonito evento.<\/p>\n<p class=\"MsoNormal\" style=\"text-align: justify; margin: 0cm 0cm 8pt; font-size: 11pt; font-family: Calibri, sans-serif;\" original_font_attr=\"11pt\" original_line_height_attr=\"\">Padres, maestros y ni\u00f1os<br \/>\ndisfrutaron de este evento que acerca la comunidad educativa y que proyecta a<br \/>\nlos ni\u00f1os de educaci\u00f3n inicial a trav\u00e9s de diferentes actividades sociales<br \/>\nhacia la comunidad y que se va que no est\u00e1n solo entre cuatro paredes.<\/p>\n","protected":false},"excerpt":{"rendered":"<p>EDILSA GONZALEZ ROCA COCL\u00c9. M\u00e1s de 300 ni\u00f1os de pre k\u00ednder y k\u00ednder de las escuelas primarias de los distritos de Penonom\u00e9, Ant\u00f3n y La Pintada participaron de un colorido desfile navide\u00f1o con el que pr\u00e1cticamente despiden el presente a\u00f1o lectivo, la actividad se desarroll\u00f3 este mi\u00e9rcoles en la ciudad de Penonom\u00e9. Muchos Jos\u00e9s, y [&hellip;]<\/p>\n","protected":false},"author":3,"featured_media":3476,"comment_status":"open","ping_status":"open","sticky":false,"template":"","format":"standard","meta":{"footnotes":""},"categories":[1],"tags":[],"class_list":["post-3477","post","type-post","status-publish","format-standard","has-post-thumbnail","hentry","category-noticias"],"_links":{"self":[{"href":"https:\/\/mifavorita.com.pa\/2017\/wp-json\/wp\/v2\/posts\/3477","targetHints":{"allow":["GET"]}}],"collection":[{"href":"https:\/\/mifavorita.com.pa\/2017\/wp-json\/wp\/v2\/posts"}],"about":[{"href":"https:\/\/mifavorita.com.pa\/2017\/wp-json\/wp\/v2\/types\/post"}],"author":[{"embeddable":true,"href":"https:\/\/mifavorita.com.pa\/2017\/wp-json\/wp\/v2\/users\/3"}],"replies":[{"embeddable":true,"href":"https:\/\/mifavorita.com.pa\/2017\/wp-json\/wp\/v2\/comments?post=3477"}],"version-history":[{"count":1,"href":"https:\/\/mifavorita.com.pa\/2017\/wp-json\/wp\/v2\/posts\/3477\/revisions"}],"predecessor-version":[{"id":3478,"href":"https:\/\/mifavorita.com.pa\/2017\/wp-json\/wp\/v2\/posts\/3477\/revisions\/3478"}],"wp:featuredmedia":[{"embeddable":true,"href":"https:\/\/mifavorita.com.pa\/2017\/wp-json\/wp\/v2\/media\/3476"}],"wp:attachment":[{"href":"https:\/\/mifavorita.com.pa\/2017\/wp-json\/wp\/v2\/media?parent=3477"}],"wp:term":[{"taxonomy":"category","embeddable":true,"href":"https:\/\/mifavorita.com.pa\/2017\/wp-json\/wp\/v2\/categories?post=3477"},{"taxonomy":"post_tag","embeddable":true,"href":"https:\/\/mifavorita.com.pa\/2017\/wp-json\/wp\/v2\/tags?post=3477"}],"curies":[{"name":"wp","href":"https:\/\/api.w.org\/{rel}","templated":true}]}}