{"id":3481,"date":"2019-12-05T22:17:09","date_gmt":"2019-12-05T22:17:09","guid":{"rendered":"https:\/\/mifavorita.com.pa\/2017\/?p=3481"},"modified":"2019-12-05T22:17:20","modified_gmt":"2019-12-05T22:17:20","slug":"detienen-a-varios-por-drogas-tentativa-de-homicidio-y-otros-delitos-en-cocle","status":"publish","type":"post","link":"https:\/\/mifavorita.com.pa\/2017\/detienen-a-varios-por-drogas-tentativa-de-homicidio-y-otros-delitos-en-cocle\/","title":{"rendered":"Detienen a varios por drogas, tentativa de homicidio y otros delitos en Cocl\u00e9."},"content":{"rendered":"<p>EDILSA GONZALEZ ROCA<\/p>\n<p class=\"MsoNormal\" style=\"margin: 0cm 0cm 8pt; font-size: 11pt; font-family: Calibri, sans-serif;\" original_font_attr=\"11pt\" original_line_height_attr=\"\">COCL\u00c9.<\/p>\n<p class=\"MsoNormal\" style=\"text-align: justify; margin: 0cm 0cm 8pt; font-size: 11pt; font-family: Calibri, sans-serif;\" original_font_attr=\"11pt\" original_line_height_attr=\"\">Un capturado por tentativa de homicidio, otro por micro tr\u00e1fico de drogas y otros 16 por casos pendientes fueron los hechos m\u00e1s relevantes ocurridos en la provincia de Cocl\u00e9 durante el \u00faltimo fin de semana, en la provincia de Cocl\u00e9 en donde adem\u00e1s delincuentes se robaron 4 mil d\u00f3lares de una arrendadora de autos.<\/p>\n<p><img fetchpriority=\"high\" decoding=\"async\" class=\"wp-image-3480 failed alignnone size-full\" src=\"https:\/\/mifavorita.com.pa\/2017\/wp-content\/uploads\/2019\/12\/img_20191205_1705486139917526650591598.jpg\" width=\"488\" height=\"399\"><\/p>\n<p class=\"MsoNormal\" style=\"text-align: justify; margin: 0cm 0cm 8pt; font-size: 11pt; font-family: Calibri, sans-serif;\" original_font_attr=\"11pt\" original_line_height_attr=\"\">Un hombre de 50 a\u00f1os y residrente<br \/>\nen El Chir\u00fa de Ant\u00f3n fue retenido, por estar presuntamente implicado en el delito de tentativa de homicidio ya que seg\u00fan informes tras una ri\u00f1a producto de viejas rencillas le dio un tiro en la cabeza a otro sujeto en el sector de El<br \/>\nEspino de El Chir\u00fa de Ant\u00f3n.<\/p>\n<p class=\"MsoNormal\" style=\"text-align: justify; margin: 0cm 0cm 8pt; font-size: 11pt; font-family: Calibri, sans-serif;\" original_font_attr=\"11pt\" original_line_height_attr=\"\">Afortunadamente se trat\u00f3 solo de un roz\u00f3n de bala que no dej\u00f3 mayores consecuencias, no obstante las autoridades le decomisaron el arma y abrieron una investigaci\u00f3n en su contra.<\/p>\n<p class=\"MsoNormal\" style=\"text-align: justify; margin: 0cm 0cm 8pt; font-size: 11pt; font-family: Calibri, sans-serif;\" original_font_attr=\"11pt\" original_line_height_attr=\"\">Mientras que Ant\u00f3n cabecera se dio con la captura de un sujeto que al ser sometido a registro se le<br \/>\nencontraron 26 carrizos de un polvo blanco que se presume sean sustancias il\u00edcitas por lo que fue puesto a \u00f3rdenes de la Fiscal\u00eda de Drogas.<\/p>\n<p class=\"MsoNormal\" style=\"text-align: justify; margin: 0cm 0cm 8pt; font-size: 11pt; font-family: Calibri, sans-serif;\" original_font_attr=\"11pt\" original_line_height_attr=\"\">Otras 16 personas fueron aprehendidas y puestas a \u00f3rdenes de las autoridades competentes por mantener casos pendientes en temas como desacato, no pago de pensi\u00f3n alimenticia entre<br \/>\nfaltas a otros deberes familiares.<\/p>\n<p class=\"MsoNormal\" style=\"text-align: justify; margin: 0cm 0cm 8pt; font-size: 11pt; font-family: Calibri, sans-serif;\" original_font_attr=\"11pt\" original_line_height_attr=\"\">La Polic\u00eda Nacional contin\u00faa con las investigaciones para tratar de dar con al menos tres sujetos que la ma\u00f1ana del domingo cometieron un robo a una arrendadora de autos ubicada a orillas de la v\u00eda panamericana en Penonom\u00e9 y de donde lograron llevarse la suma de cuatro mil d\u00f3lares.<\/p>\n","protected":false},"excerpt":{"rendered":"<p>EDILSA GONZALEZ ROCA COCL\u00c9. Un capturado por tentativa de homicidio, otro por micro tr\u00e1fico de drogas y otros 16 por casos pendientes fueron los hechos m\u00e1s relevantes ocurridos en la provincia de Cocl\u00e9 durante el \u00faltimo fin de semana, en la provincia de Cocl\u00e9 en donde adem\u00e1s delincuentes se robaron 4 mil d\u00f3lares de una [&hellip;]<\/p>\n","protected":false},"author":3,"featured_media":3479,"comment_status":"open","ping_status":"open","sticky":false,"template":"","format":"standard","meta":{"footnotes":""},"categories":[1],"tags":[],"class_list":["post-3481","post","type-post","status-publish","format-standard","has-post-thumbnail","hentry","category-noticias"],"_links":{"self":[{"href":"https:\/\/mifavorita.com.pa\/2017\/wp-json\/wp\/v2\/posts\/3481","targetHints":{"allow":["GET"]}}],"collection":[{"href":"https:\/\/mifavorita.com.pa\/2017\/wp-json\/wp\/v2\/posts"}],"about":[{"href":"https:\/\/mifavorita.com.pa\/2017\/wp-json\/wp\/v2\/types\/post"}],"author":[{"embeddable":true,"href":"https:\/\/mifavorita.com.pa\/2017\/wp-json\/wp\/v2\/users\/3"}],"replies":[{"embeddable":true,"href":"https:\/\/mifavorita.com.pa\/2017\/wp-json\/wp\/v2\/comments?post=3481"}],"version-history":[{"count":2,"href":"https:\/\/mifavorita.com.pa\/2017\/wp-json\/wp\/v2\/posts\/3481\/revisions"}],"predecessor-version":[{"id":3489,"href":"https:\/\/mifavorita.com.pa\/2017\/wp-json\/wp\/v2\/posts\/3481\/revisions\/3489"}],"wp:featuredmedia":[{"embeddable":true,"href":"https:\/\/mifavorita.com.pa\/2017\/wp-json\/wp\/v2\/media\/3479"}],"wp:attachment":[{"href":"https:\/\/mifavorita.com.pa\/2017\/wp-json\/wp\/v2\/media?parent=3481"}],"wp:term":[{"taxonomy":"category","embeddable":true,"href":"https:\/\/mifavorita.com.pa\/2017\/wp-json\/wp\/v2\/categories?post=3481"},{"taxonomy":"post_tag","embeddable":true,"href":"https:\/\/mifavorita.com.pa\/2017\/wp-json\/wp\/v2\/tags?post=3481"}],"curies":[{"name":"wp","href":"https:\/\/api.w.org\/{rel}","templated":true}]}}