{"id":3487,"date":"2019-12-06T00:00:14","date_gmt":"2019-12-06T00:00:14","guid":{"rendered":"https:\/\/mifavorita.com.pa\/2017\/?p=3487"},"modified":"2019-12-05T22:15:22","modified_gmt":"2019-12-05T22:15:22","slug":"armagedon-v-barrio-con-armas-y-drogas-en-la-carcel-de-penonome","status":"publish","type":"post","link":"https:\/\/mifavorita.com.pa\/2017\/armagedon-v-barrio-con-armas-y-drogas-en-la-carcel-de-penonome\/","title":{"rendered":"Armaged\u00f3n V barri\u00f3 con armas y drogas en la c\u00e1rcel de Penonom\u00e9"},"content":{"rendered":"<p>EDILSA GONZALEZ ROCA<\/p>\n<p class=\"MsoNormal\" style=\"text-align: justify; margin: 0cm 0cm 8pt; font-size: 11pt; font-family: Calibri, sans-serif;\" original_font_attr=\"11pt\" original_line_height_attr=\"\">COCL\u00c9.<\/p>\n<p class=\"MsoNormal\" style=\"text-align: justify; margin: 0cm 0cm 8pt; font-size: 11pt; font-family: Calibri, sans-serif;\" original_font_attr=\"11pt\" original_line_height_attr=\"\">Una arma de fuego, m\u00e1s de 600 carrizos de droga, m\u00e1s de 50 sobres de marihuana, cuchillos, platinas, celulares con sus cargadores y otra serie de artefactos fueron decomisados durante una requisa efectuada por la Polic\u00eda Nacional este mi\u00e9rcoles 4 de diciembre en la c\u00e1rcel de Penonom\u00e9.<\/p>\n<p><img fetchpriority=\"high\" decoding=\"async\" src=\"https:\/\/mifavorita.com.pa\/2017\/wp-content\/uploads\/2019\/12\/img-20191204-wa00946368864551379095165.jpg\" class=\"wp-image-3484 alignnone size-full\" width=\"1280\" height=\"853\"><\/p>\n<p class=\"MsoNormal\" style=\"text-align: justify; margin: 0cm 0cm 8pt; font-size: 11pt; font-family: Calibri, sans-serif;\" original_font_attr=\"11pt\" original_line_height_attr=\"\">Se trat\u00f3 del operativo Armaged\u00f3n V que ten\u00eda como objetivo limpiar el penal de armas y drogas para evitar situaciones<br \/>\nque puedan generar alg\u00fan conflicto situaciones de riesgos tanto para los privados de libertad como para los funcionarios que all\u00ed laboran.<\/p>\n<p><img decoding=\"async\" src=\"https:\/\/mifavorita.com.pa\/2017\/wp-content\/uploads\/2019\/12\/img-20191204-wa00921044235343938564674.jpg\" class=\"wp-image-3485 alignnone size-full\" width=\"1280\" height=\"853\"><\/p>\n<p class=\"MsoNormal\" style=\"text-align: justify; margin: 0cm 0cm 8pt; font-size: 11pt; font-family: Calibri, sans-serif;\" original_font_attr=\"11pt\" original_line_height_attr=\"\">En el operativo tambi\u00e9n se decomis\u00f3 m\u00e1s de 50 celulares, juegos de video, controles de televisi\u00f3n, m\u00e1s de 30 objetos punzocortantes entre los que hab\u00eda cuchillos, platinas, punzones, destornilladores, pinzas, cables de tel\u00e9fonos celulares, chichas fermentadas entre otros objetos prohibidos.<\/p>\n<p><img decoding=\"async\" src=\"https:\/\/mifavorita.com.pa\/2017\/wp-content\/uploads\/2019\/12\/img-20191204-wa00937480360298134662089.jpg\" class=\"wp-image-3486 alignnone size-full\" width=\"1280\" height=\"853\"><\/p>\n<p>C\u00e9sar Zambrano, Sub Comisionado jefe de la Zona Policial de Cocl\u00e9, se\u00f1alo que Armaged\u00f3n, forma parte de las acciones policiales que se estar\u00e1n desarrollando durante este mes de diciembre en toda la provincia de Cocl\u00e9, y este caso con la intenci\u00f3n de prevenir riesgos y situaciones que pongan en peligro la vida de los detenidos como de sus custodios.<\/p>\n<p class=\"MsoNormal\" style=\"text-align: justify; margin: 0cm 0cm 8pt; font-size: 11pt; font-family: Calibri, sans-serif;\" original_font_attr=\"11pt\" original_line_height_attr=\"\">En la operaci\u00f3n participaron m\u00e1s de 400 polic\u00edas y se recorrieron cada una de las celdas de este penal que actualmente alberga m\u00e1s de 500 privados de libertad de distintos puntos del pa\u00eds y condenados o pendientes de condenas por distintos delitos.<\/p>\n","protected":false},"excerpt":{"rendered":"<p>EDILSA GONZALEZ ROCA COCL\u00c9. Una arma de fuego, m\u00e1s de 600 carrizos de droga, m\u00e1s de 50 sobres de marihuana, cuchillos, platinas, celulares con sus cargadores y otra serie de artefactos fueron decomisados durante una requisa efectuada por la Polic\u00eda Nacional este mi\u00e9rcoles 4 de diciembre en la c\u00e1rcel de Penonom\u00e9. Se trat\u00f3 del operativo [&hellip;]<\/p>\n","protected":false},"author":3,"featured_media":3483,"comment_status":"open","ping_status":"open","sticky":false,"template":"","format":"standard","meta":{"footnotes":""},"categories":[1],"tags":[],"class_list":["post-3487","post","type-post","status-publish","format-standard","has-post-thumbnail","hentry","category-noticias"],"_links":{"self":[{"href":"https:\/\/mifavorita.com.pa\/2017\/wp-json\/wp\/v2\/posts\/3487","targetHints":{"allow":["GET"]}}],"collection":[{"href":"https:\/\/mifavorita.com.pa\/2017\/wp-json\/wp\/v2\/posts"}],"about":[{"href":"https:\/\/mifavorita.com.pa\/2017\/wp-json\/wp\/v2\/types\/post"}],"author":[{"embeddable":true,"href":"https:\/\/mifavorita.com.pa\/2017\/wp-json\/wp\/v2\/users\/3"}],"replies":[{"embeddable":true,"href":"https:\/\/mifavorita.com.pa\/2017\/wp-json\/wp\/v2\/comments?post=3487"}],"version-history":[{"count":1,"href":"https:\/\/mifavorita.com.pa\/2017\/wp-json\/wp\/v2\/posts\/3487\/revisions"}],"predecessor-version":[{"id":3488,"href":"https:\/\/mifavorita.com.pa\/2017\/wp-json\/wp\/v2\/posts\/3487\/revisions\/3488"}],"wp:featuredmedia":[{"embeddable":true,"href":"https:\/\/mifavorita.com.pa\/2017\/wp-json\/wp\/v2\/media\/3483"}],"wp:attachment":[{"href":"https:\/\/mifavorita.com.pa\/2017\/wp-json\/wp\/v2\/media?parent=3487"}],"wp:term":[{"taxonomy":"category","embeddable":true,"href":"https:\/\/mifavorita.com.pa\/2017\/wp-json\/wp\/v2\/categories?post=3487"},{"taxonomy":"post_tag","embeddable":true,"href":"https:\/\/mifavorita.com.pa\/2017\/wp-json\/wp\/v2\/tags?post=3487"}],"curies":[{"name":"wp","href":"https:\/\/api.w.org\/{rel}","templated":true}]}}