{"id":3495,"date":"2019-12-06T00:23:24","date_gmt":"2019-12-06T00:23:24","guid":{"rendered":"https:\/\/mifavorita.com.pa\/2017\/?p=3495"},"modified":"2019-12-05T22:24:33","modified_gmt":"2019-12-05T22:24:33","slug":"buseros-del-norte-de-penonome-paralizaron-el-servicio","status":"publish","type":"post","link":"https:\/\/mifavorita.com.pa\/2017\/buseros-del-norte-de-penonome-paralizaron-el-servicio\/","title":{"rendered":"Buseros del norte de Penonom\u00e9 paralizaron el servicio"},"content":{"rendered":"<p>EDILSA GONZALEZ ROCA<\/p>\n<p class=\"MsoNormal\" style=\"text-align: justify; margin: 0cm 0cm 8pt; font-size: 11pt; font-family: Calibri, sans-serif;\" original_font_attr=\"11pt\" original_line_height_attr=\"\">COCL\u00c9.<\/p>\n<p class=\"MsoNormal\" style=\"text-align: justify; margin: 0cm 0cm 8pt; font-size: 11pt; font-family: Calibri, sans-serif;\" original_font_attr=\"11pt\" original_line_height_attr=\"\">Cansados de lo que consideran un abuso de autoridad y persecuci\u00f3n por parte de la Polic\u00eda de Tr\u00e1nsito, conductores de buses del \u00e1rea norte de Penonom\u00e9 paralizaron el servicio de transporte hacia sector por m\u00e1s de tres horas y adem\u00e1s cerraron la v\u00eda por varios minutos en demanda de una soluci\u00f3n de parte de las autoridades.<\/p>\n<p><img fetchpriority=\"high\" decoding=\"async\" src=\"https:\/\/mifavorita.com.pa\/2017\/wp-content\/uploads\/2019\/12\/screenshot_20191205-172253_gallery5951121988674570225.jpg\" class=\"wp-image-3492 alignnone size-full\" width=\"1440\" height=\"673\"><\/p>\n<p class=\"MsoNormal\" style=\"text-align: justify; margin: 0cm 0cm 8pt; font-size: 11pt; font-family: Calibri, sans-serif;\" original_font_attr=\"11pt\" original_line_height_attr=\"\">Seg\u00fan explic\u00f3 \u00c1lvaro Fern\u00e1ndez, conductor de la ruta Penonom\u00e9- Toabr\u00e9, para el \u00e1rea norte existen unas 60 rutas, lo que representa un aproximado de 120 buses, y la parada m\u00e1s importante y en donde mayor cantidad de pasajeros convergen es la S\u00faper Carnes, no hay espacio suficiente.<\/p>\n<p><img decoding=\"async\" src=\"https:\/\/mifavorita.com.pa\/2017\/wp-content\/uploads\/2019\/12\/img_20191204_104303733533189500131309.jpg\" class=\"wp-image-3493 alignnone size-full\" width=\"3000\" height=\"2250\"><\/p>\n<p class=\"MsoNormal\" style=\"text-align: justify; margin: 0cm 0cm 8pt; font-size: 11pt; font-family: Calibri, sans-serif;\" original_font_attr=\"11pt\" original_line_height_attr=\"\">De all\u00ed que los conductores tengan que parar a lo largo de la v\u00eda para poder atender la gran cantidad de pasajeros<br \/>\ny sobretodo en horas picos, lo que les obliga a esperar m\u00e1s de dos y tres minutos, momentos que aprovechan los polic\u00edas para ponerles boletas por supuestamente hacer piquera.<\/p>\n<p class=\"MsoNormal\" style=\"text-align: justify; margin: 0cm 0cm 8pt; font-size: 11pt; font-family: Calibri, sans-serif;\" original_font_attr=\"11pt\" original_line_height_attr=\"\">Ante la protesta el director de la Autoridad de Tr\u00e1nsito y Transporte Terrestre Avelino Gamboa, se reuni\u00f3n con los conductores y el secretario general del Sindicato de Transportes de la Provincia de Cocl\u00e9 (STTPC), para buscar una soluci\u00f3n a este problema que lleva ya seis meses registr\u00e1ndose.<\/p>\n<p><img decoding=\"async\" src=\"https:\/\/mifavorita.com.pa\/2017\/wp-content\/uploads\/2019\/12\/img-20191204-wa00811963234511145936710.jpg\" class=\"wp-image-3494 alignnone size-full\" width=\"1040\" height=\"780\"><\/p>\n<p>Gamboa dijo que mediar\u00eda para tratar de eliminar las boletas que se consideren injustas, al tiempo que se comprometi\u00f3 a hacer una inspecci\u00f3n el \u00e1rea del conflicto para adecuar al menos tres paradas sectorizadas que impidan que haya desorden por parte de los transportistas y mejore el servicio a usuarios.<\/p>\n<p class=\"MsoNormal\" style=\"text-align: justify; margin: 0cm 0cm 8pt; font-size: 11pt; font-family: Calibri, sans-serif;\" original_font_attr=\"11pt\" original_line_height_attr=\"\">Justo Casta\u00f1eda del STTPC, manifest\u00f3 que la situaci\u00f3n de arbitrariedad de la Polic\u00eda de Tr\u00e1nsito es lo que preocupa a los conductores, sobre todo porque ya antes han solicitado que se tome en cuenta la complejidad de esa parada, como concesionaria se est\u00e1n estado buscando alternativas viales y planean una reestructuraci\u00f3n de las rutas para ir mejorando el servicio, por lo esperan llegar a acuerdos positivos.<\/p>\n","protected":false},"excerpt":{"rendered":"<p>EDILSA GONZALEZ ROCA COCL\u00c9. Cansados de lo que consideran un abuso de autoridad y persecuci\u00f3n por parte de la Polic\u00eda de Tr\u00e1nsito, conductores de buses del \u00e1rea norte de Penonom\u00e9 paralizaron el servicio de transporte hacia sector por m\u00e1s de tres horas y adem\u00e1s cerraron la v\u00eda por varios minutos en demanda de una soluci\u00f3n [&hellip;]<\/p>\n","protected":false},"author":3,"featured_media":3491,"comment_status":"open","ping_status":"open","sticky":false,"template":"","format":"standard","meta":{"footnotes":""},"categories":[1],"tags":[],"class_list":["post-3495","post","type-post","status-publish","format-standard","has-post-thumbnail","hentry","category-noticias"],"_links":{"self":[{"href":"https:\/\/mifavorita.com.pa\/2017\/wp-json\/wp\/v2\/posts\/3495","targetHints":{"allow":["GET"]}}],"collection":[{"href":"https:\/\/mifavorita.com.pa\/2017\/wp-json\/wp\/v2\/posts"}],"about":[{"href":"https:\/\/mifavorita.com.pa\/2017\/wp-json\/wp\/v2\/types\/post"}],"author":[{"embeddable":true,"href":"https:\/\/mifavorita.com.pa\/2017\/wp-json\/wp\/v2\/users\/3"}],"replies":[{"embeddable":true,"href":"https:\/\/mifavorita.com.pa\/2017\/wp-json\/wp\/v2\/comments?post=3495"}],"version-history":[{"count":1,"href":"https:\/\/mifavorita.com.pa\/2017\/wp-json\/wp\/v2\/posts\/3495\/revisions"}],"predecessor-version":[{"id":3496,"href":"https:\/\/mifavorita.com.pa\/2017\/wp-json\/wp\/v2\/posts\/3495\/revisions\/3496"}],"wp:featuredmedia":[{"embeddable":true,"href":"https:\/\/mifavorita.com.pa\/2017\/wp-json\/wp\/v2\/media\/3491"}],"wp:attachment":[{"href":"https:\/\/mifavorita.com.pa\/2017\/wp-json\/wp\/v2\/media?parent=3495"}],"wp:term":[{"taxonomy":"category","embeddable":true,"href":"https:\/\/mifavorita.com.pa\/2017\/wp-json\/wp\/v2\/categories?post=3495"},{"taxonomy":"post_tag","embeddable":true,"href":"https:\/\/mifavorita.com.pa\/2017\/wp-json\/wp\/v2\/tags?post=3495"}],"curies":[{"name":"wp","href":"https:\/\/api.w.org\/{rel}","templated":true}]}}