{"id":3498,"date":"2019-12-06T03:38:39","date_gmt":"2019-12-06T03:38:39","guid":{"rendered":"https:\/\/mifavorita.com.pa\/2017\/?p=3498"},"modified":"2019-12-06T03:39:24","modified_gmt":"2019-12-06T03:39:24","slug":"hombre-fallece-a-causa-de-bacteria-transmitida-por-garrapatas","status":"publish","type":"post","link":"https:\/\/mifavorita.com.pa\/2017\/hombre-fallece-a-causa-de-bacteria-transmitida-por-garrapatas\/","title":{"rendered":"Hombre fallece a causa de bacteria transmitida por garrapatas"},"content":{"rendered":"<p>EDILSA GONZALEZ ROCA<\/p>\n<p class=\"MsoNormal\" style=\"margin: 0cm 0cm 8pt; font-size: 11pt; font-family: Calibri, sans-serif;\" original_font_attr=\"11pt\" original_line_height_attr=\"\">COCLE.<\/p>\n<p class=\"MsoNormal\" style=\"text-align: justify; margin: 0cm 0cm 8pt; font-size: 11pt; font-family: Calibri, sans-serif;\" original_font_attr=\"11pt\" original_line_height_attr=\"\">El Ministerio de Salud inform\u00f3 del fallecimiento de una persona a causa de la bacteria <span class=\"gmail-lrzxr\" original_font_attr=\"-1\" original_line_height_attr=\"\"><span style=\"color:windowtext; text-decoration:none;\" original_font_attr=\"-1\" original_line_height_attr=\"\"><a href=\"https:\/\/www.google.com\/search?sxsrf=ACYBGNTx6Pg7RnZvQnil_lAk3yyiRUDOyw:1575312189047&amp;q=Rickettsiaceae&amp;stick=H4sIAAAAAAAAAOPgE-LQz9U3yDEvTFPiBLFM4k3STbUss5Ot9JMy83Py0yv184vSE_Myi3Pjk3MSi4sz0zKTE0sy8_OsMjLTM1KLFFBFF7HyBWUmZ6eWlBRnJianJqYCAAi-m9djAAAA&amp;sa=X&amp;ved=2ahUKEwijxsCbz5fmAhWxrVkKHQVwC4QQmxMoATAZegQICxAV&amp;sxsrf=ACYBGNTx6Pg7RnZvQnil_lAk3yyiRUDOyw:1575312189047\" style=\"color: blue; text-decoration: underline;\" original_font_attr=\"-1\" original_line_height_attr=\"\">Rickettsia<\/a><\/span><span style=\"color:windowtext; text-decoration:none\"><a href=\"https:\/\/www.google.com\/search?sxsrf=ACYBGNTx6Pg7RnZvQnil_lAk3yyiRUDOyw:1575312189047&amp;q=Rickettsiaceae&amp;stick=H4sIAAAAAAAAAOPgE-LQz9U3yDEvTFPiBLFM4k3STbUss5Ot9JMy83Py0yv184vSE_Myi3Pjk3MSi4sz0zKTE0sy8_OsMjLTM1KLFFBFF7HyBWUmZ6eWlBRnJianJqYCAAi-m9djAAAA&amp;sa=X&amp;ved=2ahUKEwijxsCbz5fmAhWxrVkKHQVwC4QQmxMoATAZegQICxAV&amp;sxsrf=ACYBGNTx6Pg7RnZvQnil_lAk3yyiRUDOyw:1575312189047\" style=\"color: blue; text-decoration: underline;\" original_font_attr=\"-1\" original_line_height_attr=\"\"> <\/a><span original_font_attr=\"-1\" original_line_height_attr=\"\"><a href=\"https:\/\/www.google.com\/search?sxsrf=ACYBGNTx6Pg7RnZvQnil_lAk3yyiRUDOyw:1575312189047&amp;q=Rickettsiaceae&amp;stick=H4sIAAAAAAAAAOPgE-LQz9U3yDEvTFPiBLFM4k3STbUss5Ot9JMy83Py0yv184vSE_Myi3Pjk3MSi4sz0zKTE0sy8_OsMjLTM1KLFFBFF7HyBWUmZ6eWlBRnJianJqYCAAi-m9djAAAA&amp;sa=X&amp;ved=2ahUKEwijxsCbz5fmAhWxrVkKHQVwC4QQmxMoATAZegQICxAV&amp;sxsrf=ACYBGNTx6Pg7RnZvQnil_lAk3yyiRUDOyw:1575312189047\" style=\"color: blue; text-decoration: underline;\" original_font_attr=\"-1\" original_line_height_attr=\"\"><i>Rickettsiaceae<\/i><\/a><\/span><\/span><i> <\/i>transmitida por garrapatas, el hombre de 47 a\u00f1os y residente de Farall\u00f3n de La Pintada falleci\u00f3 a mediados del mes de noviembre a consecuencia de una infecci\u00f3n muy fuerte que le caus\u00f3 fiebres altas por m\u00e1s de diez d\u00edas.<\/span><\/p>\n<p class=\"MsoNormal\" style=\"text-align: justify; margin: 0cm 0cm 8pt; font-size: 11pt; font-family: Calibri, sans-serif;\"><span class=\"gmail-lrzxr\" original_font_attr=\"-1\" original_line_height_attr=\"\">Domicio Espino, jefe de Epidemiolog\u00eda, de la regi\u00f3n de salud de Cocl\u00e9, detall\u00f3 que lamentablemente pese a que el paciente fue atendido desde el primer momento en la red primaria de atenci\u00f3n, no se dio a tiempo con las causas de la infecci\u00f3n por lo que falleci\u00f3 en el Hospital Rafael Est\u00e9vez.<\/span><\/p>\n<p class=\"MsoNormal\" style=\"text-align: justify; margin: 0cm 0cm 8pt; font-size: 11pt; font-family: Calibri, sans-serif;\"><span class=\"gmail-lrzxr\" original_font_attr=\"-1\" original_line_height_attr=\"\">Indic\u00f3 que el cuadro febril del paciente era un poco confuso por lo que se pudo confundir con otro tipo de afecciones incluso de leptospira, ambas bacterias muy comunes en la provincia de Cocl\u00e9, especialmente en \u00e1reas rurales donde no se clora el agua.<\/span><\/p>\n<p class=\"MsoNormal\" style=\"text-align: justify; margin: 0cm 0cm 8pt; font-size: 11pt; font-family: Calibri, sans-serif;\"><span class=\"gmail-lrzxr\" original_font_attr=\"-1\" original_line_height_attr=\"\">Indic\u00f3 que tras el fallecimiento r\u00e1pido del paciente una vez ingres\u00f3 al hospital, se dictaminaron pruebas espec\u00edficas enviadas al laboratorio del Hospital Gorgas, en donde dio positivo a esta bacteria que trasmiten unas garrapatas que en Cocl\u00e9 llaman rodela de color gris\u00e1ceo pero que tienen m\u00e1s los animales del monte que los dom\u00e9sticos.<\/span><\/p>\n<p class=\"MsoNormal\" style=\"text-align: justify; margin: 0cm 0cm 8pt; font-size: 11pt; font-family: Calibri, sans-serif;\"><span class=\"gmail-lrzxr\" original_font_attr=\"-1\" original_line_height_attr=\"\">Luis Rojas se llama el paciente que laboraba en el Proyecto de Minera Panam\u00e1, en la secci\u00f3n de rescate y traslado de vida silvestre por lo que no se descarta que haya sido picado por el insecto en estas \u00e1reas monta\u00f1osas, por lo que se ha advertido a los m\u00e9dicos de esta empresa, como de hospitales y centros de salud cercanos estar atentos a los s\u00edntomas de esta enfermedad.<\/span><\/p>\n<p class=\"MsoNormal\" style=\"text-align: justify; margin: 0cm 0cm 8pt; font-size: 11pt; font-family: Calibri, sans-serif;\"><span class=\"gmail-lrzxr\" original_font_attr=\"-1\" original_line_height_attr=\"\">Espino se\u00f1al\u00f3, que este es el tercer caso que se registra en la provincia de Cocl\u00e9 durante los \u00faltimos diez a\u00f1os, dos de ellos en El Valle, de una extranjera que falleci\u00f3 antes del <a href=\"geo:0,0?q=2010 un ni\u00f1o en el 2017 y ahora este hombre joven de\" original_font_attr=\"-1\" original_line_height_attr=\"\" style=\"\">2010, un ni\u00f1o en el 2017 y ahora este hombre joven de<\/a> 47 a\u00f1os en el \u00e1rea de La Pintada, con permanencia laboral en Donoso.<\/span><\/p>\n","protected":false},"excerpt":{"rendered":"<p>EDILSA GONZALEZ ROCA COCLE. El Ministerio de Salud inform\u00f3 del fallecimiento de una persona a causa de la bacteria Rickettsia Rickettsiaceae transmitida por garrapatas, el hombre de 47 a\u00f1os y residente de Farall\u00f3n de La Pintada falleci\u00f3 a mediados del mes de noviembre a consecuencia de una infecci\u00f3n muy fuerte que le caus\u00f3 fiebres altas [&hellip;]<\/p>\n","protected":false},"author":3,"featured_media":3497,"comment_status":"open","ping_status":"open","sticky":false,"template":"","format":"standard","meta":{"footnotes":""},"categories":[1],"tags":[],"class_list":["post-3498","post","type-post","status-publish","format-standard","has-post-thumbnail","hentry","category-noticias"],"_links":{"self":[{"href":"https:\/\/mifavorita.com.pa\/2017\/wp-json\/wp\/v2\/posts\/3498","targetHints":{"allow":["GET"]}}],"collection":[{"href":"https:\/\/mifavorita.com.pa\/2017\/wp-json\/wp\/v2\/posts"}],"about":[{"href":"https:\/\/mifavorita.com.pa\/2017\/wp-json\/wp\/v2\/types\/post"}],"author":[{"embeddable":true,"href":"https:\/\/mifavorita.com.pa\/2017\/wp-json\/wp\/v2\/users\/3"}],"replies":[{"embeddable":true,"href":"https:\/\/mifavorita.com.pa\/2017\/wp-json\/wp\/v2\/comments?post=3498"}],"version-history":[{"count":1,"href":"https:\/\/mifavorita.com.pa\/2017\/wp-json\/wp\/v2\/posts\/3498\/revisions"}],"predecessor-version":[{"id":3499,"href":"https:\/\/mifavorita.com.pa\/2017\/wp-json\/wp\/v2\/posts\/3498\/revisions\/3499"}],"wp:featuredmedia":[{"embeddable":true,"href":"https:\/\/mifavorita.com.pa\/2017\/wp-json\/wp\/v2\/media\/3497"}],"wp:attachment":[{"href":"https:\/\/mifavorita.com.pa\/2017\/wp-json\/wp\/v2\/media?parent=3498"}],"wp:term":[{"taxonomy":"category","embeddable":true,"href":"https:\/\/mifavorita.com.pa\/2017\/wp-json\/wp\/v2\/categories?post=3498"},{"taxonomy":"post_tag","embeddable":true,"href":"https:\/\/mifavorita.com.pa\/2017\/wp-json\/wp\/v2\/tags?post=3498"}],"curies":[{"name":"wp","href":"https:\/\/api.w.org\/{rel}","templated":true}]}}