{"id":3510,"date":"2019-12-11T21:55:33","date_gmt":"2019-12-11T21:55:33","guid":{"rendered":"https:\/\/mifavorita.com.pa\/2017\/?p=3510"},"modified":"2019-12-11T21:55:59","modified_gmt":"2019-12-11T21:55:59","slug":"accidente-deja-mas-de-15-heridos-en-penonome","status":"publish","type":"post","link":"https:\/\/mifavorita.com.pa\/2017\/accidente-deja-mas-de-15-heridos-en-penonome\/","title":{"rendered":"Accidente deja m\u00e1s de 15 heridos en Penonom\u00e9"},"content":{"rendered":"<p>EDILSA GONZALEZ ROCA<br \/>\nCOCL\u00c9.<\/p>\n<p>Al menos 16 heridos dej\u00f3 un accidente de tr\u00e1nsito ocurrido la tarde de este mi\u00e9rcoles en la v\u00eda panamericana cerca a la comunidad de V\u00eda Hern\u00e1ndez en Penonom\u00e9, un panel y un bus de la ruta Aguadulce-Penonom\u00e9 que posteriormente se volc\u00f3 sobre la v\u00eda.<\/p>\n<p><img fetchpriority=\"high\" decoding=\"async\" src=\"https:\/\/mifavorita.com.pa\/2017\/wp-content\/uploads\/2019\/12\/img_20191211_1522208497572584117325225.jpg\" class=\"wp-image-3506 alignnone size-full\" width=\"1024\" height=\"768\"><br \/>\nEn el bus de transporte p\u00fablico viajaban trece personas y conductor y en el panel que transportaba material pirot\u00e9cnico iban dos ocupantes que tambi\u00e9n resultaron heridos, durante la colisi\u00f3n, que al parecer fue ocasionada por el panel que se sali\u00f3 hacia la v\u00eda contraria.<\/p>\n<p><img decoding=\"async\" src=\"https:\/\/mifavorita.com.pa\/2017\/wp-content\/uploads\/2019\/12\/img_20191211_1516326783894060873538031.jpg\" class=\"wp-image-3507 alignnone size-full\" width=\"492\" height=\"1024\"><br \/>\nAl lugar acudieron rescatistas del Cuerpo de Bomberos de Penonom\u00e9, quienes procedieron a evaluar a los heridos, cuatro de los cuales requirieron traslado al Hospital Aquilino Tejeira, lo que se hizo con el apoyo de ambulancias de la Caja de Seguro Social y el Sinaproc, ya que los bomberos solo cuentan con una ambulancia operativa.<\/p>\n<p><img decoding=\"async\" src=\"https:\/\/mifavorita.com.pa\/2017\/wp-content\/uploads\/2019\/12\/img_20191211_151937_6242042982988289748990.jpg\" class=\"wp-image-3508 alignnone size-full\" width=\"492\" height=\"492\"><br \/>\nLa operaci\u00f3n de rescate tambi\u00e9n incluy\u00f3 el acordonamiento del panel debido a que el mismo trasladaba material sensitivo como son artefactos pirot\u00e9cnicos.<\/p>\n","protected":false},"excerpt":{"rendered":"<p>EDILSA GONZALEZ ROCA COCL\u00c9. Al menos 16 heridos dej\u00f3 un accidente de tr\u00e1nsito ocurrido la tarde de este mi\u00e9rcoles en la v\u00eda panamericana cerca a la comunidad de V\u00eda Hern\u00e1ndez en Penonom\u00e9, un panel y un bus de la ruta Aguadulce-Penonom\u00e9 que posteriormente se volc\u00f3 sobre la v\u00eda. En el bus de transporte p\u00fablico viajaban [&hellip;]<\/p>\n","protected":false},"author":3,"featured_media":3509,"comment_status":"open","ping_status":"open","sticky":false,"template":"","format":"standard","meta":{"footnotes":""},"categories":[1],"tags":[],"class_list":["post-3510","post","type-post","status-publish","format-standard","has-post-thumbnail","hentry","category-noticias"],"_links":{"self":[{"href":"https:\/\/mifavorita.com.pa\/2017\/wp-json\/wp\/v2\/posts\/3510","targetHints":{"allow":["GET"]}}],"collection":[{"href":"https:\/\/mifavorita.com.pa\/2017\/wp-json\/wp\/v2\/posts"}],"about":[{"href":"https:\/\/mifavorita.com.pa\/2017\/wp-json\/wp\/v2\/types\/post"}],"author":[{"embeddable":true,"href":"https:\/\/mifavorita.com.pa\/2017\/wp-json\/wp\/v2\/users\/3"}],"replies":[{"embeddable":true,"href":"https:\/\/mifavorita.com.pa\/2017\/wp-json\/wp\/v2\/comments?post=3510"}],"version-history":[{"count":1,"href":"https:\/\/mifavorita.com.pa\/2017\/wp-json\/wp\/v2\/posts\/3510\/revisions"}],"predecessor-version":[{"id":3511,"href":"https:\/\/mifavorita.com.pa\/2017\/wp-json\/wp\/v2\/posts\/3510\/revisions\/3511"}],"wp:featuredmedia":[{"embeddable":true,"href":"https:\/\/mifavorita.com.pa\/2017\/wp-json\/wp\/v2\/media\/3509"}],"wp:attachment":[{"href":"https:\/\/mifavorita.com.pa\/2017\/wp-json\/wp\/v2\/media?parent=3510"}],"wp:term":[{"taxonomy":"category","embeddable":true,"href":"https:\/\/mifavorita.com.pa\/2017\/wp-json\/wp\/v2\/categories?post=3510"},{"taxonomy":"post_tag","embeddable":true,"href":"https:\/\/mifavorita.com.pa\/2017\/wp-json\/wp\/v2\/tags?post=3510"}],"curies":[{"name":"wp","href":"https:\/\/api.w.org\/{rel}","templated":true}]}}