{"id":3514,"date":"2019-12-11T23:41:49","date_gmt":"2019-12-11T23:41:49","guid":{"rendered":"https:\/\/mifavorita.com.pa\/2017\/?p=3514"},"modified":"2019-12-11T23:42:24","modified_gmt":"2019-12-11T23:42:24","slug":"empresa-pretendia-meter-jamones-miniatura-en-ola","status":"publish","type":"post","link":"https:\/\/mifavorita.com.pa\/2017\/empresa-pretendia-meter-jamones-miniatura-en-ola\/","title":{"rendered":"Empresa pretend\u00eda meter jamones miniatura en Ol\u00e1"},"content":{"rendered":"<p>EDILSA GONZ\u00c1LEZ ROCA<\/p>\n<p>COCL\u00c9.<\/p>\n<p>Jamones de menos de cuatro libras envi\u00f3 la empresa encargada de la distribuci\u00f3n de jamones en las Naviferias del Ima al distrito de Ol\u00e1, condiciones que no fueron aceptadas por el director regional de la entidad que devolvi\u00f3 el producto.<\/p>\n<p>La situaci\u00f3n provoc\u00f3 que los cientos de olae\u00f1os y residentes de comunidades vecinas que hab\u00edan madrugado desde las tres de la madrugada, tuvieran que esperar hasta las diez y media de la ma\u00f1ana para comprar su jam\u00f3n.<\/p>\n<p><img fetchpriority=\"high\" decoding=\"async\" src=\"https:\/\/mifavorita.com.pa\/2017\/wp-content\/uploads\/2019\/12\/screenshot_20191211-183101_video-player8186723398099120068..jpg\" class=\"wp-image-3512 alignnone size-full\" width=\"1440\" height=\"738\">Isidora Castillo, dijo que llegaron muy temprano a comprar su jam\u00f3n en la Naviferia pero lastimosamente tuvieron que esperar mucho tiempo, porque los jamones que mandaron primero eran muy peque\u00f1os.<\/p>\n<p>La verdad yo me conformo con lo que me vendan, soy una mujer pobre y si me venden en ocho d\u00f3lares est\u00e1 bien porque m\u00e1s caros no lo podemos comprar, dijo Avelina Gonz\u00e1lez, quien acudi\u00f3 en busca de su jam\u00f3n.<\/p>\n<p>Los olae\u00f1os se quejaban de su mala suerte ya que primero no hab\u00edan sido considerados en el calendario inicial de las Naviferias y cuando la traen, el jam\u00f3n no era del tama\u00f1o esperado.<\/p>\n<p>Fernando Herrera, director regional del Ima, dijo que apenas vio el tama\u00f1o del jam\u00f3n lo mando a pesar a una tienda cercana y no daba las cuatro libras por lo que en conjunto con el alcalde Eliecer Becerra, decidieron no vender ese jam\u00f3n y pedir un producto adecuado.<\/p>\n<p>Nosotros le explicamos a los que estaban en las filas cual era la situaci\u00f3n y les preguntamos si estaban dispuestos a esperar un par de horas que nos enviaran otro cami\u00f3n y la mayor\u00eda estuvo de acuerdo y as\u00ed se hizo, dijo Herrera.<\/p>\n<p>Eli\u00e9cer Becerra alcalde del distrito, dijo que estuvo de acuerdo con el director del Ima en que se rechazaron los jamones peque\u00f1os, porque despu\u00e9s de tanta lucha para que les llevaran la Naviferia no era justo que les vendieran un producto que no estaba acorde con lo que hab\u00edan anunciado el gobierno.<\/p>\n<p>M\u00e1s de 500 personas esperaron la llegada de un nuevo cami\u00f3n que fue enviado por Carnes de Cocl\u00e9 desde Santo Domingo de Las Tablas, al final la gente sali\u00f3 contenta con su jam\u00f3n y rosca de pan a dos d\u00f3lares que tambi\u00e9n se vendi\u00f3 en Ol\u00e1.<\/p>\n","protected":false},"excerpt":{"rendered":"<p>EDILSA GONZ\u00c1LEZ ROCA COCL\u00c9. Jamones de menos de cuatro libras envi\u00f3 la empresa encargada de la distribuci\u00f3n de jamones en las Naviferias del Ima al distrito de Ol\u00e1, condiciones que no fueron aceptadas por el director regional de la entidad que devolvi\u00f3 el producto. La situaci\u00f3n provoc\u00f3 que los cientos de olae\u00f1os y residentes de [&hellip;]<\/p>\n","protected":false},"author":3,"featured_media":3513,"comment_status":"open","ping_status":"open","sticky":false,"template":"","format":"standard","meta":{"footnotes":""},"categories":[1],"tags":[],"class_list":["post-3514","post","type-post","status-publish","format-standard","has-post-thumbnail","hentry","category-noticias"],"_links":{"self":[{"href":"https:\/\/mifavorita.com.pa\/2017\/wp-json\/wp\/v2\/posts\/3514","targetHints":{"allow":["GET"]}}],"collection":[{"href":"https:\/\/mifavorita.com.pa\/2017\/wp-json\/wp\/v2\/posts"}],"about":[{"href":"https:\/\/mifavorita.com.pa\/2017\/wp-json\/wp\/v2\/types\/post"}],"author":[{"embeddable":true,"href":"https:\/\/mifavorita.com.pa\/2017\/wp-json\/wp\/v2\/users\/3"}],"replies":[{"embeddable":true,"href":"https:\/\/mifavorita.com.pa\/2017\/wp-json\/wp\/v2\/comments?post=3514"}],"version-history":[{"count":1,"href":"https:\/\/mifavorita.com.pa\/2017\/wp-json\/wp\/v2\/posts\/3514\/revisions"}],"predecessor-version":[{"id":3515,"href":"https:\/\/mifavorita.com.pa\/2017\/wp-json\/wp\/v2\/posts\/3514\/revisions\/3515"}],"wp:featuredmedia":[{"embeddable":true,"href":"https:\/\/mifavorita.com.pa\/2017\/wp-json\/wp\/v2\/media\/3513"}],"wp:attachment":[{"href":"https:\/\/mifavorita.com.pa\/2017\/wp-json\/wp\/v2\/media?parent=3514"}],"wp:term":[{"taxonomy":"category","embeddable":true,"href":"https:\/\/mifavorita.com.pa\/2017\/wp-json\/wp\/v2\/categories?post=3514"},{"taxonomy":"post_tag","embeddable":true,"href":"https:\/\/mifavorita.com.pa\/2017\/wp-json\/wp\/v2\/tags?post=3514"}],"curies":[{"name":"wp","href":"https:\/\/api.w.org\/{rel}","templated":true}]}}