{"id":3535,"date":"2019-12-17T01:35:40","date_gmt":"2019-12-17T01:35:40","guid":{"rendered":"https:\/\/mifavorita.com.pa\/2017\/?p=3535"},"modified":"2019-12-17T01:36:09","modified_gmt":"2019-12-17T01:36:09","slug":"inauguran-nuevo-edificio-del-organo-judicial","status":"publish","type":"post","link":"https:\/\/mifavorita.com.pa\/2017\/inauguran-nuevo-edificio-del-organo-judicial\/","title":{"rendered":"Inauguran nuevo edificio del \u00d3rgano Judicial"},"content":{"rendered":"<p><span style=\"font-size:12pt;\" original_font_attr=\"12pt\" original_line_height_attr=\"\">EDILSA GONZALEZ ROCA<\/span><\/p>\n<p class=\"MsoNormal\" style=\"text-align: justify; margin: 0cm 0cm 8pt; font-size: 11pt; font-family: Calibri, sans-serif;\"><span style=\"font-size:12pt;\" original_font_attr=\"12pt\" original_line_height_attr=\"\">COCL\u00c9.<\/span><\/p>\n<p class=\"MsoNormal\" style=\"margin: 0cm 0cm 0.0001pt; text-align: justify; font-size: 11pt; font-family: Calibri, sans-serif;\"><span style=\"font-size:12pt;\" original_font_attr=\"12pt\" original_line_height_attr=\"\">Despu\u00e9s de once a\u00f1os de iniciada su construcci\u00f3n, este lunes 16 de diciembre se inaugur\u00f3 la nueva sede del \u00d3rgano Judicial de la provincia de Cocl\u00e9 y que albergar\u00e1 a casi todas las dependencias de la Unidad Judicial que funcionan en Penonom\u00e9.<\/span><span style=\"font-size:12pt\"><\/span><\/p>\n<p><img fetchpriority=\"high\" decoding=\"async\" src=\"https:\/\/mifavorita.com.pa\/2017\/wp-content\/uploads\/2019\/12\/img_20191216_1244327072223420288264856.jpg\" class=\"wp-image-3531 alignnone size-full\" width=\"3000\" height=\"2250\"><\/p>\n<p class=\"MsoNormal\" style=\"margin: 0cm 0cm 0.0001pt; text-align: justify; font-size: 11pt; font-family: Calibri, sans-serif;\"><span style=\"font-size:12pt;\" original_font_attr=\"12pt\" original_line_height_attr=\"\">La Obra tuvo un costo de 13 millones 573 mil d\u00f3lares ubicada en Miraflores de Penonom\u00e9 , en la v\u00eda a El Coco, en donde adem\u00e1s se construye la sede delMinisterio P\u00fablico que presenta ya un 80 % de avance.<\/span><\/p>\n<p><span style=\"font-size:12pt;\" original_font_attr=\"12pt\" original_line_height_attr=\"\">Ministerio P\u00fablico que presenta ya un 80 % de avance.<\/span><\/p>\n<p class=\"MsoNormal\" style=\"margin: 0cm 0cm 0.0001pt; text-align: justify; font-size: 11pt; font-family: Calibri, sans-serif;\"><span style=\"font-size:12pt\"><\/span><\/p>\n<p><span style=\"font-size:12pt;\" original_font_attr=\"12pt\" original_line_height_attr=\"\">La unidad judicial de cuatro plantas reunir\u00e1 en un solo edificio, al Tribunal Superior de Justicia, los juzgados civiles, circuitales y municipales, el Sistema Penal Acusatorio, cuenta con 20 salas de audiencias para procesos penales, civiles y municipales, adem\u00e1s de las oficinas del Instituto de Defensor\u00eda de Oficio y Defensa de las V\u00edctimas.<\/span><\/p>\n<p><img decoding=\"async\" src=\"https:\/\/mifavorita.com.pa\/2017\/wp-content\/uploads\/2019\/12\/img_20191216_1143264881076934081907083.jpg\" class=\"wp-image-3533 alignnone size-full\" width=\"2250\" height=\"3000\"><\/p>\n<p class=\"MsoNormal\" style=\"text-align: justify; margin: 0cm 0cm 8pt; font-size: 11pt; font-family: Calibri, sans-serif;\"><span style=\"font-size:12pt;\" original_font_attr=\"12pt\" original_line_height_attr=\"\">El Magistrado Presidente de la Corte Suprema de Justicia, Hern\u00e1n De Le\u00f3n, hizo el llamado a los funcionarios judiciales a que cuiden las instalaciones y sobre todo que den un buen servicio, porque de nada servir\u00eda tener ese cascar\u00f3n si no se avanza en los procesos, recalc\u00e1ndoles que el tema de la carrera administrativa est\u00e1 en marcha.<\/span><\/p>\n<p><img decoding=\"async\" src=\"https:\/\/mifavorita.com.pa\/2017\/wp-content\/uploads\/2019\/12\/img_20191216_1138033772267710998814855.jpg\" class=\"wp-image-3534 alignnone size-full\" width=\"3000\" height=\"2250\"><\/p>\n<p class=\"MsoNormal\" style=\"text-align: justify; margin: 0cm 0cm 8pt; font-size: 11pt; font-family: Calibri, sans-serif;\"><span style=\"font-size:12pt;\" original_font_attr=\"12pt\" original_line_height_attr=\"\">Las acciones para la construcci\u00f3n de una nueva sede judicial para la provincia de Cocl\u00e9, iniciaron en el a\u00f1o 2002, con los tr\u00e1mites para la consecuci\u00f3n de un terreno,<br \/>\nen el 2008 se coloc\u00f3 la primera piedra sin embrago por incumplimiento de la empresa contratista el proyecto se abandon\u00f3 por m\u00e1s de cinco a\u00f1os.<\/span><\/p>\n","protected":false},"excerpt":{"rendered":"<p>EDILSA GONZALEZ ROCA COCL\u00c9. Despu\u00e9s de once a\u00f1os de iniciada su construcci\u00f3n, este lunes 16 de diciembre se inaugur\u00f3 la nueva sede del \u00d3rgano Judicial de la provincia de Cocl\u00e9 y que albergar\u00e1 a casi todas las dependencias de la Unidad Judicial que funcionan en Penonom\u00e9. La Obra tuvo un costo de 13 millones 573 [&hellip;]<\/p>\n","protected":false},"author":3,"featured_media":3530,"comment_status":"open","ping_status":"open","sticky":false,"template":"","format":"standard","meta":{"footnotes":""},"categories":[1],"tags":[],"class_list":["post-3535","post","type-post","status-publish","format-standard","has-post-thumbnail","hentry","category-noticias"],"_links":{"self":[{"href":"https:\/\/mifavorita.com.pa\/2017\/wp-json\/wp\/v2\/posts\/3535","targetHints":{"allow":["GET"]}}],"collection":[{"href":"https:\/\/mifavorita.com.pa\/2017\/wp-json\/wp\/v2\/posts"}],"about":[{"href":"https:\/\/mifavorita.com.pa\/2017\/wp-json\/wp\/v2\/types\/post"}],"author":[{"embeddable":true,"href":"https:\/\/mifavorita.com.pa\/2017\/wp-json\/wp\/v2\/users\/3"}],"replies":[{"embeddable":true,"href":"https:\/\/mifavorita.com.pa\/2017\/wp-json\/wp\/v2\/comments?post=3535"}],"version-history":[{"count":1,"href":"https:\/\/mifavorita.com.pa\/2017\/wp-json\/wp\/v2\/posts\/3535\/revisions"}],"predecessor-version":[{"id":3536,"href":"https:\/\/mifavorita.com.pa\/2017\/wp-json\/wp\/v2\/posts\/3535\/revisions\/3536"}],"wp:featuredmedia":[{"embeddable":true,"href":"https:\/\/mifavorita.com.pa\/2017\/wp-json\/wp\/v2\/media\/3530"}],"wp:attachment":[{"href":"https:\/\/mifavorita.com.pa\/2017\/wp-json\/wp\/v2\/media?parent=3535"}],"wp:term":[{"taxonomy":"category","embeddable":true,"href":"https:\/\/mifavorita.com.pa\/2017\/wp-json\/wp\/v2\/categories?post=3535"},{"taxonomy":"post_tag","embeddable":true,"href":"https:\/\/mifavorita.com.pa\/2017\/wp-json\/wp\/v2\/tags?post=3535"}],"curies":[{"name":"wp","href":"https:\/\/api.w.org\/{rel}","templated":true}]}}