{"id":3540,"date":"2019-12-22T14:17:08","date_gmt":"2019-12-22T14:17:08","guid":{"rendered":"https:\/\/mifavorita.com.pa\/2017\/?p=3540"},"modified":"2019-12-22T14:17:22","modified_gmt":"2019-12-22T14:17:22","slug":"riohatenos-tambien-recordaron-a-sus-caidos","status":"publish","type":"post","link":"https:\/\/mifavorita.com.pa\/2017\/riohatenos-tambien-recordaron-a-sus-caidos\/","title":{"rendered":"Riohate\u00f1os tambi\u00e9n recordaron a sus ca\u00eddos"},"content":{"rendered":"<p>EDILSA GONZALEZ ROCA<\/p>\n<p>COCL\u00c9.<\/p>\n<p>El 20 de diciembre fue recordado por primera vez por los riohate\u00f1os que vivieron esa triste experiencia, despu\u00e9s de 30 a\u00f1os las actuales autoridades organizaron un acto de recordaci\u00f3n con diversas actividades que incluyeron la izada de la bandera y un acto protocolar en la sede donde se ubica el Museo Memorias e Historias de R\u00edo Hato.<\/p>\n<p><img fetchpriority=\"high\" decoding=\"async\" src=\"https:\/\/mifavorita.com.pa\/2017\/wp-content\/uploads\/2019\/12\/img_20191221_154630_0004988221330683564752.jpg\" class=\"wp-image-3538 alignnone size-full\" width=\"500\" height=\"625\"><\/p>\n<p>En la playa de Farall\u00f3n autoridades, amigos, familiares y v\u00edctimas de la invasi\u00f3n tiraron flores al mar como se\u00f1al de recordaci\u00f3n y en vista de que muchos no saben d\u00f3nde est\u00e1n los cuerpos de algunas de las v\u00edctimas, que saben que hubo, pero que nunca han sido reconocidas.<\/p>\n<p>Ibeth Navas, representante de R\u00edo Hato, dijo que este pueblo fue invadido en donde polic\u00edas como personas inocentes de la comunidad fueron masacrados y quieren que se reconozca que en R\u00edo Hato tambi\u00e9n fueron invadidos y el pueblo fue v\u00edctima.<\/p>\n<p><img decoding=\"async\" src=\"https:\/\/mifavorita.com.pa\/2017\/wp-content\/uploads\/2019\/12\/img-20191221-wa00712643666971962359127.jpg\" class=\"wp-image-3539 alignnone size-full\" width=\"1280\" height=\"633\"><\/p>\n<p>Indic\u00f3 que a partir de esta fecha, se ha conformado un comit\u00e9 de j\u00f3venes y adultos que en conjunto con la Junta Comunal y la alcald\u00eda de Ant\u00f3n, trabajar\u00e1n para la creaci\u00f3n de un parque tem\u00e1tico y de recordaci\u00f3n de los ca\u00eddos el 20 de diciembre en R\u00edo Hato, para que las nuevas generaciones conozcan y recuerden que este pueblo tambi\u00e9n form\u00f3 parte de esta triste historia.<\/p>\n<p>Las actividades tambi\u00e9n contemplaron un conversatorio con las personas que conocieron y vivieron el horror de ese momento, no solo nacionales sino tambi\u00e9n norteamericanos que vivieron esa experiencia y que quisieron compartir el momento de recordaci\u00f3n con este pueblo costero.<\/p>\n","protected":false},"excerpt":{"rendered":"<p>EDILSA GONZALEZ ROCA COCL\u00c9. El 20 de diciembre fue recordado por primera vez por los riohate\u00f1os que vivieron esa triste experiencia, despu\u00e9s de 30 a\u00f1os las actuales autoridades organizaron un acto de recordaci\u00f3n con diversas actividades que incluyeron la izada de la bandera y un acto protocolar en la sede donde se ubica el Museo [&hellip;]<\/p>\n","protected":false},"author":3,"featured_media":3537,"comment_status":"open","ping_status":"open","sticky":false,"template":"","format":"standard","meta":{"footnotes":""},"categories":[1],"tags":[],"class_list":["post-3540","post","type-post","status-publish","format-standard","has-post-thumbnail","hentry","category-noticias"],"_links":{"self":[{"href":"https:\/\/mifavorita.com.pa\/2017\/wp-json\/wp\/v2\/posts\/3540","targetHints":{"allow":["GET"]}}],"collection":[{"href":"https:\/\/mifavorita.com.pa\/2017\/wp-json\/wp\/v2\/posts"}],"about":[{"href":"https:\/\/mifavorita.com.pa\/2017\/wp-json\/wp\/v2\/types\/post"}],"author":[{"embeddable":true,"href":"https:\/\/mifavorita.com.pa\/2017\/wp-json\/wp\/v2\/users\/3"}],"replies":[{"embeddable":true,"href":"https:\/\/mifavorita.com.pa\/2017\/wp-json\/wp\/v2\/comments?post=3540"}],"version-history":[{"count":1,"href":"https:\/\/mifavorita.com.pa\/2017\/wp-json\/wp\/v2\/posts\/3540\/revisions"}],"predecessor-version":[{"id":3541,"href":"https:\/\/mifavorita.com.pa\/2017\/wp-json\/wp\/v2\/posts\/3540\/revisions\/3541"}],"wp:featuredmedia":[{"embeddable":true,"href":"https:\/\/mifavorita.com.pa\/2017\/wp-json\/wp\/v2\/media\/3537"}],"wp:attachment":[{"href":"https:\/\/mifavorita.com.pa\/2017\/wp-json\/wp\/v2\/media?parent=3540"}],"wp:term":[{"taxonomy":"category","embeddable":true,"href":"https:\/\/mifavorita.com.pa\/2017\/wp-json\/wp\/v2\/categories?post=3540"},{"taxonomy":"post_tag","embeddable":true,"href":"https:\/\/mifavorita.com.pa\/2017\/wp-json\/wp\/v2\/tags?post=3540"}],"curies":[{"name":"wp","href":"https:\/\/api.w.org\/{rel}","templated":true}]}}