{"id":3544,"date":"2019-12-23T13:00:51","date_gmt":"2019-12-23T13:00:51","guid":{"rendered":"https:\/\/mifavorita.com.pa\/2017\/?p=3544"},"modified":"2019-12-22T14:24:05","modified_gmt":"2019-12-22T14:24:05","slug":"buscan-regular-entrada-de-desechos-al-vertedero-de-la-pintada","status":"publish","type":"post","link":"https:\/\/mifavorita.com.pa\/2017\/buscan-regular-entrada-de-desechos-al-vertedero-de-la-pintada\/","title":{"rendered":"Buscan regular entrada de desechos al vertedero de La Pintada"},"content":{"rendered":"<p>EDILSA GONZALEZ ROCA<\/p>\n<p class=\"MsoNormal\" style=\"text-align: justify; margin: 0cm 0cm 8pt; font-size: 11pt; font-family: Calibri, sans-serif;\" original_font_attr=\"11pt\" original_line_height_attr=\"\">COCL\u00c9.<\/p>\n<p class=\"MsoNormal\" style=\"text-align: justify; margin: 0cm 0cm 8pt; font-size: 11pt; font-family: Calibri, sans-serif;\" original_font_attr=\"11pt\" original_line_height_attr=\"\">Dificultades como la quema de basura, la entrada de basura de otros distritos, basura no permitida, entre otras situaciones irregulares que ocurren en el vertedero de la Pintada pretenden regular las autoridades de este distrito.<\/p>\n<p><img fetchpriority=\"high\" decoding=\"async\" class=\"wp-image-3542 alignnone size-full\" src=\"https:\/\/mifavorita.com.pa\/2017\/wp-content\/uploads\/2019\/12\/IMG-20191221-WA0075.jpg\" width=\"1152\" height=\"864\"><\/p>\n<p class=\"MsoNormal\" style=\"text-align: justify; margin: 0cm 0cm 8pt; font-size: 11pt; font-family: Calibri, sans-serif;\" original_font_attr=\"11pt\" original_line_height_attr=\"\">Entre las primeras acciones tomadas por el alcalde Edgar De \u00c1ngelo fue la emisi\u00f3n de un decreto que establece sanciones que van de 50 a 200 d\u00f3lares a todas aquellas personas naturales o jur\u00eddicas que depositen basura sin contar con los respectivos permisos y el pago de los impuesto correspondientes.<\/p>\n<p class=\"MsoNormal\" style=\"text-align: justify; margin: 0cm 0cm 8pt; font-size: 11pt; font-family: Calibri, sans-serif;\" original_font_attr=\"11pt\" original_line_height_attr=\"\">Ahora con el apoyo de la empresa<br \/>\nSoluciones Integrales Urbano Ambientales, se logr\u00f3 el patrocinio de una garita de seguridad cuyos costo ronda los 2 mil d\u00f3lares y en la seg\u00fan explic\u00f3 el propio alcalde se ubicar\u00e1 un colaborador que verifique la entrada y salida de camiones con basura.<\/p>\n<p><img decoding=\"async\" class=\"wp-image-3543 alignnone size-full\" src=\"https:\/\/mifavorita.com.pa\/2017\/wp-content\/uploads\/2019\/12\/img-20191221-wa00767005736476885470699.jpg\" width=\"581\" height=\"1032\"><\/p>\n<p class=\"MsoNormal\" style=\"text-align: justify; margin: 0cm 0cm 8pt; font-size: 11pt; font-family: Calibri, sans-serif;\" original_font_attr=\"11pt\" original_line_height_attr=\"\">Indic\u00f3 que su administraci\u00f3n recibi\u00f3 este vertedero en muy malas condiciones y sin ning\u00fan tipo de tratamiento por lo que no ha sido f\u00e1cil lograr su adecuado mantenimiento y<br \/>\nevitar las constantes quemas que afectan a los vecinos por lo que con el apoyo de la empresa privada est\u00e1n tratando de solucionar estos problemas.<\/p>\n<p class=\"MsoNormal\" style=\"text-align: justify; margin: 0cm 0cm 8pt; font-size: 11pt; font-family: Calibri, sans-serif;\" original_font_attr=\"11pt\" original_line_height_attr=\"\">Rebeca Lozada de Soluciones<br \/>\nIntegrales Urbano Ambientales, detall\u00f3 que con el aporte buscan poder contribuir con el Municipio de La Pintada en mejorar las condiciones del vertedero sobre todo para evitar que se recrudezcan las afectaciones medioambientales y de salud de la poblaci\u00f3n.<\/p>\n","protected":false},"excerpt":{"rendered":"<p>EDILSA GONZALEZ ROCA COCL\u00c9. Dificultades como la quema de basura, la entrada de basura de otros distritos, basura no permitida, entre otras situaciones irregulares que ocurren en el vertedero de la Pintada pretenden regular las autoridades de este distrito. Entre las primeras acciones tomadas por el alcalde Edgar De \u00c1ngelo fue la emisi\u00f3n de un [&hellip;]<\/p>\n","protected":false},"author":3,"featured_media":3542,"comment_status":"open","ping_status":"open","sticky":false,"template":"","format":"standard","meta":{"footnotes":""},"categories":[1],"tags":[],"class_list":["post-3544","post","type-post","status-publish","format-standard","has-post-thumbnail","hentry","category-noticias"],"_links":{"self":[{"href":"https:\/\/mifavorita.com.pa\/2017\/wp-json\/wp\/v2\/posts\/3544","targetHints":{"allow":["GET"]}}],"collection":[{"href":"https:\/\/mifavorita.com.pa\/2017\/wp-json\/wp\/v2\/posts"}],"about":[{"href":"https:\/\/mifavorita.com.pa\/2017\/wp-json\/wp\/v2\/types\/post"}],"author":[{"embeddable":true,"href":"https:\/\/mifavorita.com.pa\/2017\/wp-json\/wp\/v2\/users\/3"}],"replies":[{"embeddable":true,"href":"https:\/\/mifavorita.com.pa\/2017\/wp-json\/wp\/v2\/comments?post=3544"}],"version-history":[{"count":2,"href":"https:\/\/mifavorita.com.pa\/2017\/wp-json\/wp\/v2\/posts\/3544\/revisions"}],"predecessor-version":[{"id":3546,"href":"https:\/\/mifavorita.com.pa\/2017\/wp-json\/wp\/v2\/posts\/3544\/revisions\/3546"}],"wp:featuredmedia":[{"embeddable":true,"href":"https:\/\/mifavorita.com.pa\/2017\/wp-json\/wp\/v2\/media\/3542"}],"wp:attachment":[{"href":"https:\/\/mifavorita.com.pa\/2017\/wp-json\/wp\/v2\/media?parent=3544"}],"wp:term":[{"taxonomy":"category","embeddable":true,"href":"https:\/\/mifavorita.com.pa\/2017\/wp-json\/wp\/v2\/categories?post=3544"},{"taxonomy":"post_tag","embeddable":true,"href":"https:\/\/mifavorita.com.pa\/2017\/wp-json\/wp\/v2\/tags?post=3544"}],"curies":[{"name":"wp","href":"https:\/\/api.w.org\/{rel}","templated":true}]}}