{"id":3551,"date":"2019-12-22T15:27:12","date_gmt":"2019-12-22T15:27:12","guid":{"rendered":"https:\/\/mifavorita.com.pa\/2017\/?p=3551"},"modified":"2019-12-22T14:28:24","modified_gmt":"2019-12-22T14:28:24","slug":"ninos-de-la-yeguada-en-nata-recibieron-pequeno-agasajo","status":"publish","type":"post","link":"https:\/\/mifavorita.com.pa\/2017\/ninos-de-la-yeguada-en-nata-recibieron-pequeno-agasajo\/","title":{"rendered":"Ni\u00f1os de La Yeguada en Nat\u00e1 recibieron peque\u00f1o agasajo"},"content":{"rendered":"<p>EDILSA GONZALEZ ROCA<\/p>\n<p class=\"MsoNormal\" style=\"text-align: justify; margin: 0cm 0cm 8pt; font-size: 11pt; font-family: Calibri, sans-serif;\" original_font_attr=\"11pt\" original_line_height_attr=\"\">COCL\u00c9.<\/p>\n<p class=\"MsoNormal\" style=\"text-align: justify; margin: 0cm 0cm 8pt; font-size: 11pt; font-family: Calibri, sans-serif;\" original_font_attr=\"11pt\" original_line_height_attr=\"\">M\u00e1s de una docena de ni\u00f1os de preescolar de la apartada comunidad de La Yeguada, corregimiento de Huacas en el distrito de Nat\u00e1, recibieron un peque\u00f1o agasajo navide\u00f1o por parte del<br \/>\nequipo de la direcci\u00f3n de Redes Territoriales del Ministerio de Desarrollo Social en la provincia de Cocl\u00e9.<\/p>\n<p><img fetchpriority=\"high\" decoding=\"async\" src=\"https:\/\/mifavorita.com.pa\/2017\/wp-content\/uploads\/2019\/12\/screenshot_20191222-092650_whatsapp9103001851911957247.jpg\" class=\"wp-image-3548 alignnone size-full\" width=\"1437\" height=\"1044\"><\/p>\n<p class=\"MsoNormal\" style=\"text-align: justify; margin: 0cm 0cm 8pt; font-size: 11pt; font-family: Calibri, sans-serif;\" original_font_attr=\"11pt\" original_line_height_attr=\"\">Regalos, pastel, globos y una bolsita con dulces fueron parte del peque\u00f1o brindis que con esfuerzo de los funcionarios y algunos amigos y patrocinadores se lograron para compartir con los m\u00e1s peque\u00f1os de las comunidades donde se llevan a cabo proyectos de Redes Territoriales.<\/p>\n<p class=\"MsoNormal\" style=\"text-align: justify; margin: 0cm 0cm 8pt; font-size: 11pt; font-family: Calibri, sans-serif;\" original_font_attr=\"11pt\" original_line_height_attr=\"\">Henry Nu\u00f1ez, del equipo de Redes Territoriales de Cocl\u00e9, destac\u00f3 que se trata de un esfuerzo que hacen cada a\u00f1o, para agasajar a los ni\u00f1os de una comunidad que se escoge al azar de todas las comunidades en donde se llevan proyectos.<\/p>\n<p><img decoding=\"async\" src=\"https:\/\/mifavorita.com.pa\/2017\/wp-content\/uploads\/2019\/12\/screenshot_20191222-092642_whatsapp2169695872981839564.jpg\" class=\"wp-image-3549 alignnone size-full\" width=\"1440\" height=\"894\"><\/p>\n<p class=\"MsoNormal\" style=\"text-align: justify; margin: 0cm 0cm 8pt; font-size: 11pt; font-family: Calibri, sans-serif;\" original_font_attr=\"11pt\" original_line_height_attr=\"\">Agreg\u00f3<span>  <\/span>que la idea es compartir aunque sea un poquito con las madres y los ni\u00f1os y pasar un rato diferente y darle tambi\u00e9n espacio a los ni\u00f1os que tambi\u00e9n se benefician con el proyectos de organizaci\u00f3n comunitaria y seguridad alimentaria, que desarrolla, en esta direcci\u00f3n del Mides.<\/p>\n<p><img decoding=\"async\" src=\"https:\/\/mifavorita.com.pa\/2017\/wp-content\/uploads\/2019\/12\/screenshot_20191222-092700_whatsapp965294211932273937.jpg\" class=\"wp-image-3550 alignnone size-full\" width=\"1440\" height=\"1878\"><\/p>\n<p class=\"MsoNormal\" style=\"text-align: justify; margin: 0cm 0cm 8pt; font-size: 11pt; font-family: Calibri, sans-serif;\" original_font_attr=\"11pt\" original_line_height_attr=\"\">Los ni\u00f1os quedaron muy contentos con los regalos algunos abrieron sus juguetes all\u00ed mismo y otros dijeron que esperar\u00edan a la llegada de la Navidad y el Nacimiento del Ni\u00f1o Jes\u00fas.<\/p>\n","protected":false},"excerpt":{"rendered":"<p>EDILSA GONZALEZ ROCA COCL\u00c9. M\u00e1s de una docena de ni\u00f1os de preescolar de la apartada comunidad de La Yeguada, corregimiento de Huacas en el distrito de Nat\u00e1, recibieron un peque\u00f1o agasajo navide\u00f1o por parte del equipo de la direcci\u00f3n de Redes Territoriales del Ministerio de Desarrollo Social en la provincia de Cocl\u00e9. Regalos, pastel, globos [&hellip;]<\/p>\n","protected":false},"author":3,"featured_media":3547,"comment_status":"open","ping_status":"open","sticky":false,"template":"","format":"standard","meta":{"footnotes":""},"categories":[1],"tags":[],"class_list":["post-3551","post","type-post","status-publish","format-standard","has-post-thumbnail","hentry","category-noticias"],"_links":{"self":[{"href":"https:\/\/mifavorita.com.pa\/2017\/wp-json\/wp\/v2\/posts\/3551","targetHints":{"allow":["GET"]}}],"collection":[{"href":"https:\/\/mifavorita.com.pa\/2017\/wp-json\/wp\/v2\/posts"}],"about":[{"href":"https:\/\/mifavorita.com.pa\/2017\/wp-json\/wp\/v2\/types\/post"}],"author":[{"embeddable":true,"href":"https:\/\/mifavorita.com.pa\/2017\/wp-json\/wp\/v2\/users\/3"}],"replies":[{"embeddable":true,"href":"https:\/\/mifavorita.com.pa\/2017\/wp-json\/wp\/v2\/comments?post=3551"}],"version-history":[{"count":1,"href":"https:\/\/mifavorita.com.pa\/2017\/wp-json\/wp\/v2\/posts\/3551\/revisions"}],"predecessor-version":[{"id":3552,"href":"https:\/\/mifavorita.com.pa\/2017\/wp-json\/wp\/v2\/posts\/3551\/revisions\/3552"}],"wp:featuredmedia":[{"embeddable":true,"href":"https:\/\/mifavorita.com.pa\/2017\/wp-json\/wp\/v2\/media\/3547"}],"wp:attachment":[{"href":"https:\/\/mifavorita.com.pa\/2017\/wp-json\/wp\/v2\/media?parent=3551"}],"wp:term":[{"taxonomy":"category","embeddable":true,"href":"https:\/\/mifavorita.com.pa\/2017\/wp-json\/wp\/v2\/categories?post=3551"},{"taxonomy":"post_tag","embeddable":true,"href":"https:\/\/mifavorita.com.pa\/2017\/wp-json\/wp\/v2\/tags?post=3551"}],"curies":[{"name":"wp","href":"https:\/\/api.w.org\/{rel}","templated":true}]}}