{"id":3558,"date":"2019-12-24T18:52:43","date_gmt":"2019-12-24T18:52:43","guid":{"rendered":"https:\/\/mifavorita.com.pa\/2017\/?p=3558"},"modified":"2019-12-24T18:52:55","modified_gmt":"2019-12-24T18:52:55","slug":"familias-en-cocle-reciben-sus-casas-nuevas-para-esta-navidad","status":"publish","type":"post","link":"https:\/\/mifavorita.com.pa\/2017\/familias-en-cocle-reciben-sus-casas-nuevas-para-esta-navidad\/","title":{"rendered":"Familias en Cocl\u00e9 reciben sus casas nuevas para esta Navidad"},"content":{"rendered":"<p>EDILSA GONZALEZ ROCA<br \/>\nCOCL\u00c9.<\/p>\n<p>Cuatro familias de la provincia de Cocl\u00e9 podr\u00e1n pasar felices esta Navidad luego de que autoridades del Ministerio de Vivienda y Ordenamiento Territorial le hicieran entrega de sus nuevas viviendas.<\/p>\n<p><img fetchpriority=\"high\" decoding=\"async\" src=\"https:\/\/mifavorita.com.pa\/2017\/wp-content\/uploads\/2019\/12\/gobcocle_20191224_23474196291414145747.png\" class=\"wp-image-3553 alignnone size-full\" width=\"1080\" height=\"809\" srcset=\"https:\/\/mifavorita.com.pa\/2017\/wp-content\/uploads\/2019\/12\/gobcocle_20191224_23474196291414145747.png 1080w, https:\/\/mifavorita.com.pa\/2017\/wp-content\/uploads\/2019\/12\/gobcocle_20191224_23474196291414145747-300x225.png 300w, https:\/\/mifavorita.com.pa\/2017\/wp-content\/uploads\/2019\/12\/gobcocle_20191224_23474196291414145747-1024x767.png 1024w, https:\/\/mifavorita.com.pa\/2017\/wp-content\/uploads\/2019\/12\/gobcocle_20191224_23474196291414145747-768x575.png 768w\" sizes=\"(max-width: 1080px) 100vw, 1080px\" \/><\/p>\n<p>Se trata de familias de muy escasos recursos, con personas enfermas que por circunstancias de mal tiempo y desastres naturales hab\u00edan perdido su vivienda y otras por falta de recursos viv\u00edan en condiciones precarias y fueron vistas por el Estado que les construyo una casa digna.<\/p>\n<p><img decoding=\"async\" src=\"https:\/\/mifavorita.com.pa\/2017\/wp-content\/uploads\/2019\/12\/gobcocle_20191224_227002451230397661737.png\" class=\"wp-image-3554 alignnone size-full\" width=\"1080\" height=\"809\" srcset=\"https:\/\/mifavorita.com.pa\/2017\/wp-content\/uploads\/2019\/12\/gobcocle_20191224_227002451230397661737.png 1080w, https:\/\/mifavorita.com.pa\/2017\/wp-content\/uploads\/2019\/12\/gobcocle_20191224_227002451230397661737-300x225.png 300w, https:\/\/mifavorita.com.pa\/2017\/wp-content\/uploads\/2019\/12\/gobcocle_20191224_227002451230397661737-1024x767.png 1024w, https:\/\/mifavorita.com.pa\/2017\/wp-content\/uploads\/2019\/12\/gobcocle_20191224_227002451230397661737-768x575.png 768w\" sizes=\"(max-width: 1080px) 100vw, 1080px\" \/><\/p>\n<p>Renaul Dom\u00ednguez, gobernador de la provincia de Cocl\u00e9 explic\u00f3 que se trata de una familia de Membrillo de Pajonal que fue v\u00edctima de un deslizamiento de tierra, de dos familias de extrema pobreza del corregimiento de Toabr\u00e9 y una familia de Penonom\u00e9 cuya madre tiene problemas con una enfermedad cr\u00f3nica y viv\u00edan en condiciones inapropiadas a las que se les ha dado respuesta a trav\u00e9s del Miviot.<\/p>\n<p><img decoding=\"async\" src=\"https:\/\/mifavorita.com.pa\/2017\/wp-content\/uploads\/2019\/12\/gobcocle_20191224_206454056620196350373.png\" class=\"wp-image-3555 alignnone size-full\" width=\"1080\" height=\"809\" srcset=\"https:\/\/mifavorita.com.pa\/2017\/wp-content\/uploads\/2019\/12\/gobcocle_20191224_206454056620196350373.png 1080w, https:\/\/mifavorita.com.pa\/2017\/wp-content\/uploads\/2019\/12\/gobcocle_20191224_206454056620196350373-300x225.png 300w, https:\/\/mifavorita.com.pa\/2017\/wp-content\/uploads\/2019\/12\/gobcocle_20191224_206454056620196350373-1024x767.png 1024w, https:\/\/mifavorita.com.pa\/2017\/wp-content\/uploads\/2019\/12\/gobcocle_20191224_206454056620196350373-768x575.png 768w\" sizes=\"(max-width: 1080px) 100vw, 1080px\" \/><\/p>\n<p>Efra\u00edn Valdez, uno de los beneficiados mostr\u00f3 su agradecimiento por la nueva vivienda, ya que su antigua casa de zinc fue arrasada por un alud de tierra. Fue un momento muy dif\u00edcil el que vivimos, jam\u00e1s pensamos que nos iban a construir tan r\u00e1pido la casa, gracias a todos lo que nos ayudaron  dijo emocionado.<\/p>\n<p>\u201cJam\u00e1s pens\u00e9 que podr\u00eda tener mi casita, pens\u00e9 que iba a morir con ese sue\u00f1o, le agradezco al presidente Nito, al Gobernador y su gente por darme una soluci\u00f3n\u201d manifest\u00f3 Guillermo Quir\u00f3s otro de los beneficiarios de las entregas.<\/p>\n<p><img loading=\"lazy\" decoding=\"async\" src=\"https:\/\/mifavorita.com.pa\/2017\/wp-content\/uploads\/2019\/12\/gobcocle_20191224_195168628678307148641.png\" class=\"wp-image-3556 alignnone size-full\" width=\"1080\" height=\"809\" srcset=\"https:\/\/mifavorita.com.pa\/2017\/wp-content\/uploads\/2019\/12\/gobcocle_20191224_195168628678307148641.png 1080w, https:\/\/mifavorita.com.pa\/2017\/wp-content\/uploads\/2019\/12\/gobcocle_20191224_195168628678307148641-300x225.png 300w, https:\/\/mifavorita.com.pa\/2017\/wp-content\/uploads\/2019\/12\/gobcocle_20191224_195168628678307148641-1024x767.png 1024w, https:\/\/mifavorita.com.pa\/2017\/wp-content\/uploads\/2019\/12\/gobcocle_20191224_195168628678307148641-768x575.png 768w\" sizes=\"(max-width: 1080px) 100vw, 1080px\" \/>El equipo del Miviot, compuesto por la directora nacional de Desarrollo Social Virginia Miranda, la directora regional de Cocl\u00e9, Jennifer Quintana y colaboradores de la entidad tambi\u00e9n participaron de la entrega, junto al representante del corregimiento de Toabr\u00e9 Juan Ariel Rivera.<\/p>\n","protected":false},"excerpt":{"rendered":"<p>EDILSA GONZALEZ ROCA COCL\u00c9. Cuatro familias de la provincia de Cocl\u00e9 podr\u00e1n pasar felices esta Navidad luego de que autoridades del Ministerio de Vivienda y Ordenamiento Territorial le hicieran entrega de sus nuevas viviendas. Se trata de familias de muy escasos recursos, con personas enfermas que por circunstancias de mal tiempo y desastres naturales hab\u00edan [&hellip;]<\/p>\n","protected":false},"author":3,"featured_media":3557,"comment_status":"open","ping_status":"open","sticky":false,"template":"","format":"standard","meta":{"footnotes":""},"categories":[1],"tags":[],"class_list":["post-3558","post","type-post","status-publish","format-standard","has-post-thumbnail","hentry","category-noticias"],"_links":{"self":[{"href":"https:\/\/mifavorita.com.pa\/2017\/wp-json\/wp\/v2\/posts\/3558","targetHints":{"allow":["GET"]}}],"collection":[{"href":"https:\/\/mifavorita.com.pa\/2017\/wp-json\/wp\/v2\/posts"}],"about":[{"href":"https:\/\/mifavorita.com.pa\/2017\/wp-json\/wp\/v2\/types\/post"}],"author":[{"embeddable":true,"href":"https:\/\/mifavorita.com.pa\/2017\/wp-json\/wp\/v2\/users\/3"}],"replies":[{"embeddable":true,"href":"https:\/\/mifavorita.com.pa\/2017\/wp-json\/wp\/v2\/comments?post=3558"}],"version-history":[{"count":2,"href":"https:\/\/mifavorita.com.pa\/2017\/wp-json\/wp\/v2\/posts\/3558\/revisions"}],"predecessor-version":[{"id":3560,"href":"https:\/\/mifavorita.com.pa\/2017\/wp-json\/wp\/v2\/posts\/3558\/revisions\/3560"}],"wp:featuredmedia":[{"embeddable":true,"href":"https:\/\/mifavorita.com.pa\/2017\/wp-json\/wp\/v2\/media\/3557"}],"wp:attachment":[{"href":"https:\/\/mifavorita.com.pa\/2017\/wp-json\/wp\/v2\/media?parent=3558"}],"wp:term":[{"taxonomy":"category","embeddable":true,"href":"https:\/\/mifavorita.com.pa\/2017\/wp-json\/wp\/v2\/categories?post=3558"},{"taxonomy":"post_tag","embeddable":true,"href":"https:\/\/mifavorita.com.pa\/2017\/wp-json\/wp\/v2\/tags?post=3558"}],"curies":[{"name":"wp","href":"https:\/\/api.w.org\/{rel}","templated":true}]}}