{"id":369,"date":"2017-02-23T20:36:32","date_gmt":"2017-02-23T20:36:32","guid":{"rendered":"http:\/\/mifavorita.com.pa\/2017\/?p=369"},"modified":"2017-02-23T20:36:32","modified_gmt":"2017-02-23T20:36:32","slug":"descubren-extraccion-ilegal-de-arena","status":"publish","type":"post","link":"https:\/\/mifavorita.com.pa\/2017\/descubren-extraccion-ilegal-de-arena\/","title":{"rendered":"Descubren extracci\u00f3n ilegal de arena"},"content":{"rendered":"<p>EDILSA GONZALEZ ROCA<\/p>\n<p>COCL\u00c9.<\/p>\n<p>El Ministerio P\u00fablico inici\u00f3 una investigaci\u00f3n por la extracci\u00f3n ilegal de unas mil yardas de arena continental en un sector de los Llanos de Cocl\u00e9, muy cerca al vertedero de Penonom\u00e9, en donde se pudo haber utilizado maquinaria del Estado en servicio del saneamiento del vertdero.<\/p>\n<p>Se trata de una investigaci\u00f3n que inici\u00f3 el Ministerio de Comercio e Industrias, por denuncias de la comunidad y que una vez confirmados los hechos se puso en conocimiento al alcalde de Penonom\u00e9, Agust\u00edn M\u00e9ndez, quien interpuso la denuncia ante la fiscal\u00eda de Cocl\u00e9.<\/p>\n<p>La denuncia fue interpuesta el pasado 8 de febrero ante una fiscal\u00eda de Cocl\u00e9 y se inici\u00f3 una investigaci\u00f3n administrativa en la alcald\u00eda en donde se envi\u00f3 de vacaciones a un funcionario y se ha dado los nombres de los que laboran en el vertedero a la fiscal\u00eda para que los mismos sean llamados a declarar.<\/p>\n<p>Agust\u00edn M\u00e9ndez dijo que existe la posibilidad de que funcionarios municipales hayan tenido conocimiento de esta extracci\u00f3n ilegal y peor a\u00fan que maquinarias que mantienen la Autoridad de Aseo y el Municipio de Penonom\u00e9 para el saneamiento del vertedero hayan sido utilizadas para la extracci\u00f3n del material, por lo que ha solicitado al Ministerio P\u00fablico se hagan todas las investigaciones y que a los responsables les caiga el peso de la ley.<\/p>\n<p>El Ministerio de Ambiente abri\u00f3 un\u00a0 proceso administrativo por la tala de bosques para la extracci\u00f3n del material, seg\u00fan informes obtenidos ya se han hecho varios levantamientos e informes por parte de los encargados de estudios de impacto ambiental y se est\u00e1 en estrecha colaboraci\u00f3n con el Ministerio P\u00fablico.<\/p>\n<p>F\u00e9lix Correa, director regional del Ministerio de Comercio e Industrias, manifest\u00f3 que una vez hecho el informe se remiti\u00f3 a la direcci\u00f3n Nacional de Recursos Minerales y est\u00e1n a la espera de la toma de decisiones pues aunque se detect\u00f3 que efectivamente se extrajo material sin permiso no se pudo verificar sus comercializaci\u00f3n en ninguno de los locales comerciales de Penonom\u00e9 o Ant\u00f3n.<\/p>\n<p><img fetchpriority=\"high\" decoding=\"async\" class=\" wp-image-371 aligncenter\" src=\"http:\/\/mifavorita.com.pa\/2017\/wp-content\/uploads\/2017\/02\/IMG-201702221-300x169.jpg\" alt=\"\" width=\"351\" height=\"198\" srcset=\"https:\/\/mifavorita.com.pa\/2017\/wp-content\/uploads\/2017\/02\/IMG-201702221-300x169.jpg 300w, https:\/\/mifavorita.com.pa\/2017\/wp-content\/uploads\/2017\/02\/IMG-201702221-768x432.jpg 768w, https:\/\/mifavorita.com.pa\/2017\/wp-content\/uploads\/2017\/02\/IMG-201702221-1024x576.jpg 1024w, https:\/\/mifavorita.com.pa\/2017\/wp-content\/uploads\/2017\/02\/IMG-201702221-678x381.jpg 678w, https:\/\/mifavorita.com.pa\/2017\/wp-content\/uploads\/2017\/02\/IMG-201702221.jpg 1032w\" sizes=\"(max-width: 351px) 100vw, 351px\" \/><\/p>\n","protected":false},"excerpt":{"rendered":"<p>EDILSA GONZALEZ ROCA COCL\u00c9. El Ministerio P\u00fablico inici\u00f3 una investigaci\u00f3n por la extracci\u00f3n ilegal de unas mil yardas de arena continental en un sector de los Llanos de Cocl\u00e9, muy cerca al vertedero de Penonom\u00e9, en donde se pudo haber utilizado maquinaria del Estado en servicio del saneamiento del vertdero. Se trata de una investigaci\u00f3n [&hellip;]<\/p>\n","protected":false},"author":3,"featured_media":370,"comment_status":"closed","ping_status":"open","sticky":false,"template":"","format":"standard","meta":{"footnotes":""},"categories":[1],"tags":[],"class_list":["post-369","post","type-post","status-publish","format-standard","has-post-thumbnail","hentry","category-noticias"],"_links":{"self":[{"href":"https:\/\/mifavorita.com.pa\/2017\/wp-json\/wp\/v2\/posts\/369","targetHints":{"allow":["GET"]}}],"collection":[{"href":"https:\/\/mifavorita.com.pa\/2017\/wp-json\/wp\/v2\/posts"}],"about":[{"href":"https:\/\/mifavorita.com.pa\/2017\/wp-json\/wp\/v2\/types\/post"}],"author":[{"embeddable":true,"href":"https:\/\/mifavorita.com.pa\/2017\/wp-json\/wp\/v2\/users\/3"}],"replies":[{"embeddable":true,"href":"https:\/\/mifavorita.com.pa\/2017\/wp-json\/wp\/v2\/comments?post=369"}],"version-history":[{"count":1,"href":"https:\/\/mifavorita.com.pa\/2017\/wp-json\/wp\/v2\/posts\/369\/revisions"}],"predecessor-version":[{"id":372,"href":"https:\/\/mifavorita.com.pa\/2017\/wp-json\/wp\/v2\/posts\/369\/revisions\/372"}],"wp:featuredmedia":[{"embeddable":true,"href":"https:\/\/mifavorita.com.pa\/2017\/wp-json\/wp\/v2\/media\/370"}],"wp:attachment":[{"href":"https:\/\/mifavorita.com.pa\/2017\/wp-json\/wp\/v2\/media?parent=369"}],"wp:term":[{"taxonomy":"category","embeddable":true,"href":"https:\/\/mifavorita.com.pa\/2017\/wp-json\/wp\/v2\/categories?post=369"},{"taxonomy":"post_tag","embeddable":true,"href":"https:\/\/mifavorita.com.pa\/2017\/wp-json\/wp\/v2\/tags?post=369"}],"curies":[{"name":"wp","href":"https:\/\/api.w.org\/{rel}","templated":true}]}}