{"id":373,"date":"2017-02-23T20:47:05","date_gmt":"2017-02-23T20:47:05","guid":{"rendered":"http:\/\/mifavorita.com.pa\/2017\/?p=373"},"modified":"2017-02-23T20:47:05","modified_gmt":"2017-02-23T20:47:05","slug":"meduca-continua-investigaciones-por-diplomas-falsificados","status":"publish","type":"post","link":"https:\/\/mifavorita.com.pa\/2017\/meduca-continua-investigaciones-por-diplomas-falsificados\/","title":{"rendered":"MEDUCA contin\u00faa investigaciones por diplomas falsificados"},"content":{"rendered":"<p>EDILSA GONZALEZ ROCA<\/p>\n<p>COCL\u00c9<\/p>\n<p>&nbsp;<\/p>\n<p>Auditor\u00edas en todas las\u00a0direcciones regionales de educaci\u00f3n ha ordenado la Ministra Marcela Paredes, \u00a0tras la denuncia por falsificaci\u00f3n de diplomas presentada por un Centro T\u00e9cnico\u00a0 de Estudios Superiores contra la subdirectora regional de Cocl\u00e9.<\/p>\n<p>La informaci\u00f3n la dio a conocer Cristian S\u00e1nchez, director nacional de Recursos Humanos del Meduca, quien asegur\u00f3 que las investigaci\u00f3n en la direcci\u00f3n regional de Cocl\u00e9 contin\u00faan, y adem\u00e1s de la separaci\u00f3n del cargo de la subdirectora Violeta de Sandoya, quien fue notificada este martes 21 de sus separaci\u00f3n del cargo tambi\u00e9n se orden\u00f3 la suspensi\u00f3n de la toma de posesi\u00f3n de otro docente, que gan\u00f3 una vacante presentando un diploma de la entidad denunciante.<\/p>\n<p>Detall\u00f3 que la entidad contin\u00faa con las investigaciones, para determinar cu\u00e1ntas personas, a parte de la subdirectora regional de educaci\u00f3n pudiesen estar involucradas en el delito de falsificaci\u00f3n de documentos, que con diplomas falsos pretend\u00edan lograr nombramientos en la instituci\u00f3n.<\/p>\n<p>Manifest\u00f3 que tras la denuncia presentada\u00a0 se procedi\u00f3 a verificar los nombres y se constat\u00f3 que efectivamente hab\u00eda un grupo de personas en esta situaci\u00f3n por lo que se inici\u00f3 la investigaci\u00f3n administrativa y al mismo tiempo el proceso para colaborar con el Ministerio P\u00fablico, en donde tambi\u00e9n fue interpuesta la denuncia.<\/p>\n<p>S\u00e1nchez, dijo que est\u00e1n investigando a todas las personas que presentaron un t\u00edtulo y que el centro ha certificados\u00a0 que no estudiaron all\u00ed.<\/p>\n<p>Asegur\u00f3 que luego que la auditor\u00eda determine que esas personas no est\u00e1n certificadas con esos diplomas, se eliminar\u00e1 el puntaje de la base de datos del Meduca y sancionarlo administrativamente e incluso separar del cargo al docente que resulte involucrado.<\/p>\n","protected":false},"excerpt":{"rendered":"<p>EDILSA GONZALEZ ROCA COCL\u00c9 &nbsp; Auditor\u00edas en todas las\u00a0direcciones regionales de educaci\u00f3n ha ordenado la Ministra Marcela Paredes, \u00a0tras la denuncia por falsificaci\u00f3n de diplomas presentada por un Centro T\u00e9cnico\u00a0 de Estudios Superiores contra la subdirectora regional de Cocl\u00e9. La informaci\u00f3n la dio a conocer Cristian S\u00e1nchez, director nacional de Recursos Humanos del Meduca, quien [&hellip;]<\/p>\n","protected":false},"author":3,"featured_media":374,"comment_status":"closed","ping_status":"open","sticky":false,"template":"","format":"standard","meta":{"footnotes":""},"categories":[1],"tags":[],"class_list":["post-373","post","type-post","status-publish","format-standard","has-post-thumbnail","hentry","category-noticias"],"_links":{"self":[{"href":"https:\/\/mifavorita.com.pa\/2017\/wp-json\/wp\/v2\/posts\/373","targetHints":{"allow":["GET"]}}],"collection":[{"href":"https:\/\/mifavorita.com.pa\/2017\/wp-json\/wp\/v2\/posts"}],"about":[{"href":"https:\/\/mifavorita.com.pa\/2017\/wp-json\/wp\/v2\/types\/post"}],"author":[{"embeddable":true,"href":"https:\/\/mifavorita.com.pa\/2017\/wp-json\/wp\/v2\/users\/3"}],"replies":[{"embeddable":true,"href":"https:\/\/mifavorita.com.pa\/2017\/wp-json\/wp\/v2\/comments?post=373"}],"version-history":[{"count":1,"href":"https:\/\/mifavorita.com.pa\/2017\/wp-json\/wp\/v2\/posts\/373\/revisions"}],"predecessor-version":[{"id":375,"href":"https:\/\/mifavorita.com.pa\/2017\/wp-json\/wp\/v2\/posts\/373\/revisions\/375"}],"wp:featuredmedia":[{"embeddable":true,"href":"https:\/\/mifavorita.com.pa\/2017\/wp-json\/wp\/v2\/media\/374"}],"wp:attachment":[{"href":"https:\/\/mifavorita.com.pa\/2017\/wp-json\/wp\/v2\/media?parent=373"}],"wp:term":[{"taxonomy":"category","embeddable":true,"href":"https:\/\/mifavorita.com.pa\/2017\/wp-json\/wp\/v2\/categories?post=373"},{"taxonomy":"post_tag","embeddable":true,"href":"https:\/\/mifavorita.com.pa\/2017\/wp-json\/wp\/v2\/tags?post=373"}],"curies":[{"name":"wp","href":"https:\/\/api.w.org\/{rel}","templated":true}]}}