{"id":3748,"date":"2020-03-11T22:36:43","date_gmt":"2020-03-11T22:36:43","guid":{"rendered":"https:\/\/mifavorita.com.pa\/2017\/?p=3748"},"modified":"2020-03-11T22:38:54","modified_gmt":"2020-03-11T22:38:54","slug":"suspenden-actividades-en-cocle-a-consecuencia-del-coronavirus","status":"publish","type":"post","link":"https:\/\/mifavorita.com.pa\/2017\/suspenden-actividades-en-cocle-a-consecuencia-del-coronavirus\/","title":{"rendered":"Suspenden actividades en Cocl\u00e9 a consecuencia del coronavirus"},"content":{"rendered":"<p>EDILSA GONZALEZ ROCA<br \/>\nCOCL\u00c9.<\/p>\n<p>Tas el anuncio del Ministerio de salud el aumento de casos de COVID_19 en el pa\u00eds, diversas agrupaciones de la provincia de Cocl\u00e9, decidieron suspender las actividades que supon\u00edan la concentraci\u00f3n de personas durante los pr\u00f3ximos d\u00edas.<\/p>\n<p><img fetchpriority=\"high\" decoding=\"async\" src=\"https:\/\/mifavorita.com.pa\/2017\/wp-content\/uploads\/2020\/03\/arte_en_el_parque11939319425823242008.jpg\" class=\"wp-image-3742 alignnone size-full\" width=\"630\" height=\"400\"><\/p>\n<p>La Fundaci\u00f3n Arte en el Parque que realizar\u00eda este 13 y 14 de marzo la d\u00e9cima cuarta versi\u00f3n del festival de Arte en Parque en la ciudad de Penonom\u00e9 decidi\u00f3 en Junta Directiva  suspender la actividad hasta nuevo aviso.<\/p>\n<p><img decoding=\"async\" src=\"https:\/\/mifavorita.com.pa\/2017\/wp-content\/uploads\/2020\/03\/img-20200311-wa01215107504419128800434.jpg\" class=\"wp-image-3743 alignnone size-full\" width=\"1280\" height=\"1280\"><\/p>\n<p>En ese mismo sentido se expresaron los miembros de la Asociaci\u00f3n Cultural, Artesanal y Ecol\u00f3gica Cucu\u00e1 que determinaron suspender la celebraci\u00f3n del d\u00e9cimo quinto Festival Nacional Cucu\u00e1 a realizarse los d\u00edas 20 y 21 de marzo en la comunidad de San Miguel Centro en el \u00e1rea norte de Penonom\u00e9.<\/p>\n<p><img decoding=\"async\" src=\"https:\/\/mifavorita.com.pa\/2017\/wp-content\/uploads\/2020\/03\/img_20200311_121033_1931765914774709536027.jpg\" class=\"alignnone size-full wp-image-3744\" width=\"563\" height=\"319\"><\/p>\n<p>En Capellan\u00eda de Nat\u00e1 los organizadores del Festival de la Carreta que se realizar\u00eda del 13 al 15 de marzo tambi\u00e9n tomaron la decisi\u00f3n de suspenderlo hasta segunda orden.<\/p>\n<p><img loading=\"lazy\" decoding=\"async\" src=\"https:\/\/mifavorita.com.pa\/2017\/wp-content\/uploads\/2020\/03\/5139-1846688679637979702.jpg\" class=\"alignnone size-full wp-image-3745\" width=\"1032\" height=\"774\"><\/p>\n<p>De igual manera el Ministerio de Desarrollo Social suspendi\u00f3 las reuniones programadas para la actualizaci\u00f3n de la fe de vida de los programas 120 a los 65, la directora regional Elcira Palacios inform\u00f3 que se dar\u00e1n a conocer posteriores fechas.<\/p>\n<p>La Di\u00f3cesis de Penonom\u00e9, dio a conocer el comunicado que de manera interna se hab\u00eda circulado a los sacerdotes, religiosas, religiosos y agentes pastorales a tomar medidas de previsi\u00f3n en las eucarist\u00edas como evitar el saludo de mano en el rito de paz y la comuni\u00f3n se dar\u00e1 en la mano a los feligreses entre otras medidas.<\/p>\n<p><img loading=\"lazy\" decoding=\"async\" src=\"https:\/\/mifavorita.com.pa\/2017\/wp-content\/uploads\/2020\/03\/img-20200311-wa01204597726426365439993.jpg\" class=\"wp-image-3746 alignnone size-full\" width=\"991\" height=\"1280\">El Sindicato de Trabajadores del Transporte de la provincia de Cocl\u00e9, emiti\u00f3 un comunicado en el que se exhorta a todos sus miembros a tomar medidas de prevenci\u00f3n dentro de los veh\u00edculos en los que se detalla limpieza, uso de gel alcoholado y productores desinfectantes para minimizar al m\u00e1ximo el riesgo que contaminaci\u00f3n e incluso se pide a los usuarios usar mascarillas si tienen s\u00edntomas de gripe.<\/p>\n<p>En tanto que los alcaldes de Penonom\u00e9, Ant\u00f3n, Nat\u00e1, Ol\u00e1 y La Pintada tambi\u00e9n tomaron medidas se suspensi\u00f3n de actividades que significaran aglomeraci\u00f3n de personas como ferias, cabalgatas, conciertos y juegos deportivos entre otras actividades.<\/p>\n","protected":false},"excerpt":{"rendered":"<p>EDILSA GONZALEZ ROCA COCL\u00c9. Tas el anuncio del Ministerio de salud el aumento de casos de COVID_19 en el pa\u00eds, diversas agrupaciones de la provincia de Cocl\u00e9, decidieron suspender las actividades que supon\u00edan la concentraci\u00f3n de personas durante los pr\u00f3ximos d\u00edas. La Fundaci\u00f3n Arte en el Parque que realizar\u00eda este 13 y 14 de marzo [&hellip;]<\/p>\n","protected":false},"author":3,"featured_media":3747,"comment_status":"open","ping_status":"open","sticky":false,"template":"","format":"standard","meta":{"footnotes":""},"categories":[1],"tags":[],"class_list":["post-3748","post","type-post","status-publish","format-standard","has-post-thumbnail","hentry","category-noticias"],"_links":{"self":[{"href":"https:\/\/mifavorita.com.pa\/2017\/wp-json\/wp\/v2\/posts\/3748","targetHints":{"allow":["GET"]}}],"collection":[{"href":"https:\/\/mifavorita.com.pa\/2017\/wp-json\/wp\/v2\/posts"}],"about":[{"href":"https:\/\/mifavorita.com.pa\/2017\/wp-json\/wp\/v2\/types\/post"}],"author":[{"embeddable":true,"href":"https:\/\/mifavorita.com.pa\/2017\/wp-json\/wp\/v2\/users\/3"}],"replies":[{"embeddable":true,"href":"https:\/\/mifavorita.com.pa\/2017\/wp-json\/wp\/v2\/comments?post=3748"}],"version-history":[{"count":1,"href":"https:\/\/mifavorita.com.pa\/2017\/wp-json\/wp\/v2\/posts\/3748\/revisions"}],"predecessor-version":[{"id":3749,"href":"https:\/\/mifavorita.com.pa\/2017\/wp-json\/wp\/v2\/posts\/3748\/revisions\/3749"}],"wp:featuredmedia":[{"embeddable":true,"href":"https:\/\/mifavorita.com.pa\/2017\/wp-json\/wp\/v2\/media\/3747"}],"wp:attachment":[{"href":"https:\/\/mifavorita.com.pa\/2017\/wp-json\/wp\/v2\/media?parent=3748"}],"wp:term":[{"taxonomy":"category","embeddable":true,"href":"https:\/\/mifavorita.com.pa\/2017\/wp-json\/wp\/v2\/categories?post=3748"},{"taxonomy":"post_tag","embeddable":true,"href":"https:\/\/mifavorita.com.pa\/2017\/wp-json\/wp\/v2\/tags?post=3748"}],"curies":[{"name":"wp","href":"https:\/\/api.w.org\/{rel}","templated":true}]}}